{"id":88484,"date":"2024-11-16T23:03:02","date_gmt":"2024-11-16T22:03:02","guid":{"rendered":"https:\/\/sl.ambagn.staging.e-kaidi.net\/?p=88484"},"modified":"2024-11-16T23:03:02","modified_gmt":"2024-11-16T22:03:02","slug":"direct-dabidjan-saidou-sow-dans-le-11-de-depart-du-syli","status":"publish","type":"post","link":"https:\/\/sl.ambagn.staging.e-kaidi.net\/?p=88484","title":{"rendered":"Direct d\u2019Abidjan : Saidou Sow dans le 11 de d\u00e9part du Syli"},"content":{"rendered":"<div>\n<p><strong>ABIDJAN- Un temps annonc\u00e9 incertain et m\u00eame forfait pour cause de p\u00e9pins physiques, le d\u00e9fenseur Sa\u00efdou Sow tient bien sa place. Il est titulariser par Michel Dussuyer pour affronter la RD Congo \u00e0 19h GMT. <\/strong><\/p>\n<p>Issiaga Sylla est le capitaine. La paire d\u00e9fensive est compos\u00e9e de Saidou Sow, Ibrahima Sory Cont\u00e9, Issiaga Sylla et Ibrahim Diakit\u00e9. Mady Camara, Abdoulaye Tour\u00e9 et Morlaye Sylla sont align\u00e9s au milieu de terrain. Seydouba Ciss\u00e9, Fran\u00e7ois Kamano et Guirassy forment l\u2019attaque du Syli.<\/p>\n<p><strong>VOICI LE 11 DE D\u00c9PART DU SYLI<\/strong><\/p>\n<figure class=\"wp-block-image size-large\"><img fetchpriority=\"high\" fetchpriority=\"high\" decoding=\"async\" width=\"819\" height=\"1024\"src=\"https:\/\/sl.ambagn.staging.e-kaidi.net\/wp-content\/uploads\/2024\/11\/IMG-20241116-WA0037.jpg\" alt=\"\" class=\"wp-image-53589\" srcset=\"https:\/\/usercontent.one\/wp\/guineefoot.info\/wp-content\/uploads\/2024\/11\/IMG-20241116-WA0037-819x1024.jpg 819w, https:\/\/usercontent.one\/wp\/guineefoot.info\/wp-content\/uploads\/2024\/11\/IMG-20241116-WA0037-240x300.jpg 240w, https:\/\/usercontent.one\/wp\/guineefoot.info\/wp-content\/uploads\/2024\/11\/IMG-20241116-WA0037-768x960.jpg 768w, https:\/\/usercontent.one\/wp\/guineefoot.info\/wp-content\/uploads\/2024\/11\/IMG-20241116-WA0037-600x750.jpg 600w, https:\/\/sl.ambagn.staging.e-kaidi.net\/wp-content\/uploads\/2024\/11\/IMG-20241116-WA0037.jpg 1024w\" sizes=\"(max-width: 819px) 100vw, 819px\"><\/figure>\n<p><strong>Mohamed LAMINE TOUR\u00c9, depuis Abidjan<\/strong> <\/p>\n<\/div>\n","protected":false},"excerpt":{"rendered":"<p>ABIDJAN- Un temps annonc\u00e9 incertain et m\u00eame forfait pour cause de p\u00e9pins physiques, le d\u00e9fenseur Sa\u00efdou Sow tient bien sa place. Il est titulariser par Michel Dussuyer pour affronter la RD Congo \u00e0 19h GMT. Issiaga Sylla est le capitaine. La paire d\u00e9fensive est compos\u00e9e de Saidou Sow, Ibrahima Sory Cont\u00e9, Issiaga Sylla et Ibrahim &hellip;<\/p>\n","protected":false},"author":1,"featured_media":0,"comment_status":"closed","ping_status":"closed","sticky":false,"template":"","format":"standard","meta":{"footnotes":""},"categories":[4],"tags":[],"class_list":["post-88484","post","type-post","status-publish","format-standard","hentry","category-sports"],"yoast_head":"<!-- This site is optimized with the Yoast SEO plugin v21.0 - https:\/\/yoast.com\/wordpress\/plugins\/seo\/ -->\n<title>Direct d\u2019Abidjan : Saidou Sow dans le 11 de d\u00e9part du Syli - Ambassade de Guin\u00e9e en Sierra L\u00e9one<\/title>\n<meta name=\"robots\" content=\"index, follow, max-snippet:-1, max-image-preview:large, max-video-preview:-1\" \/>\n<link rel=\"canonical\" href=\"https:\/\/sl.ambagn.staging.e-kaidi.net\/?p=88484\" \/>\n<meta property=\"og:locale\" content=\"fr_FR\" \/>\n<meta property=\"og:type\" content=\"article\" \/>\n<meta property=\"og:title\" content=\"Direct d\u2019Abidjan : Saidou Sow dans le 11 de d\u00e9part du Syli - Ambassade de Guin\u00e9e en Sierra L\u00e9one\" \/>\n<meta property=\"og:description\" content=\"ABIDJAN- Un temps annonc\u00e9 incertain et m\u00eame forfait pour cause de p\u00e9pins physiques, le d\u00e9fenseur Sa\u00efdou Sow tient bien sa place. Il est titulariser par Michel Dussuyer pour affronter la RD Congo \u00e0 19h GMT. Issiaga Sylla est le capitaine. La paire d\u00e9fensive est compos\u00e9e de Saidou Sow, Ibrahima Sory Cont\u00e9, Issiaga Sylla et Ibrahim &hellip;\" \/>\n<meta property=\"og:url\" content=\"https:\/\/sl.ambagn.staging.e-kaidi.net\/?p=88484\" \/>\n<meta property=\"og:site_name\" content=\"Ambassade de Guin\u00e9e en Sierra L\u00e9one\" \/>\n<meta property=\"article:publisher\" content=\"https:\/\/www.facebook.com\/ambaguiparis\" \/>\n<meta property=\"article:published_time\" content=\"2024-11-16T22:03:02+00:00\" \/>\n<meta property=\"og:image\" content=\"https:\/\/sl.ambagn.staging.e-kaidi.net\/wp-content\/uploads\/2024\/11\/IMG-20241116-WA0037.jpg\" \/>\n<meta name=\"author\" content=\"stg-ca-wpressuser\" \/>\n<meta name=\"twitter:card\" content=\"summary_large_image\" \/>\n<meta name=\"twitter:creator\" content=\"@AmbaGnFrPtIl\" \/>\n<meta name=\"twitter:site\" content=\"@AmbaGnFrPtIl\" \/>\n<meta name=\"twitter:label1\" content=\"\u00c9crit par\" \/>\n\t<meta name=\"twitter:data1\" content=\"stg-ca-wpressuser\" \/>\n<script type=\"application\/ld+json\" class=\"yoast-schema-graph\">{\"@context\":\"https:\/\/schema.org\",\"@graph\":[{\"@type\":\"Article\",\"@id\":\"https:\/\/sl.ambagn.staging.e-kaidi.net\/?p=88484#article\",\"isPartOf\":{\"@id\":\"https:\/\/sl.ambagn.staging.e-kaidi.net\/?p=88484\"},\"author\":{\"name\":\"stg-ca-wpressuser\",\"@id\":\"https:\/\/sl.ambagn.staging.e-kaidi.net\/#\/schema\/person\/e3e746e819daf465416d445c23765fd8\"},\"headline\":\"Direct d\u2019Abidjan : Saidou Sow dans le 11 de d\u00e9part du Syli\",\"datePublished\":\"2024-11-16T22:03:02+00:00\",\"dateModified\":\"2024-11-16T22:03:02+00:00\",\"mainEntityOfPage\":{\"@id\":\"https:\/\/sl.ambagn.staging.e-kaidi.net\/?p=88484\"},\"wordCount\":111,\"publisher\":{\"@id\":\"https:\/\/sl.ambagn.staging.e-kaidi.net\/#organization\"},\"articleSection\":[\"Sports\"],\"inLanguage\":\"fr-FR\"},{\"@type\":\"WebPage\",\"@id\":\"https:\/\/sl.ambagn.staging.e-kaidi.net\/?p=88484\",\"url\":\"https:\/\/sl.ambagn.staging.e-kaidi.net\/?p=88484\",\"name\":\"Direct d\u2019Abidjan : Saidou Sow dans le 11 de d\u00e9part du Syli - Ambassade de Guin\u00e9e en Sierra L\u00e9one\",\"isPartOf\":{\"@id\":\"https:\/\/sl.ambagn.staging.e-kaidi.net\/#website\"},\"datePublished\":\"2024-11-16T22:03:02+00:00\",\"dateModified\":\"2024-11-16T22:03:02+00:00\",\"breadcrumb\":{\"@id\":\"https:\/\/sl.ambagn.staging.e-kaidi.net\/?p=88484#breadcrumb\"},\"inLanguage\":\"fr-FR\",\"potentialAction\":[{\"@type\":\"ReadAction\",\"target\":[\"https:\/\/sl.ambagn.staging.e-kaidi.net\/?p=88484\"]}]},{\"@type\":\"BreadcrumbList\",\"@id\":\"https:\/\/sl.ambagn.staging.e-kaidi.net\/?p=88484#breadcrumb\",\"itemListElement\":[{\"@type\":\"ListItem\",\"position\":1,\"name\":\"Accueil\",\"item\":\"https:\/\/sl.ambagn.staging.e-kaidi.net\/\"},{\"@type\":\"ListItem\",\"position\":2,\"name\":\"Direct d\u2019Abidjan : Saidou Sow dans le 11 de d\u00e9part du Syli\"}]},{\"@type\":\"WebSite\",\"@id\":\"https:\/\/sl.ambagn.staging.e-kaidi.net\/#website\",\"url\":\"https:\/\/sl.ambagn.staging.e-kaidi.net\/\",\"name\":\"Ambassade de Guin\u00e9e en Sierra L\u00e9one\",\"description\":\"Ambassade de Guin\u00e9e en Sierra L\u00e9one\",\"publisher\":{\"@id\":\"https:\/\/sl.ambagn.staging.e-kaidi.net\/#organization\"},\"potentialAction\":[{\"@type\":\"SearchAction\",\"target\":{\"@type\":\"EntryPoint\",\"urlTemplate\":\"https:\/\/sl.ambagn.staging.e-kaidi.net\/?s={search_term_string}\"},\"query-input\":\"required name=search_term_string\"}],\"inLanguage\":\"fr-FR\"},{\"@type\":\"Organization\",\"@id\":\"https:\/\/sl.ambagn.staging.e-kaidi.net\/#organization\",\"name\":\"Ambassade de la R\u00e9publique Guin\u00e9e en France\",\"url\":\"https:\/\/sl.ambagn.staging.e-kaidi.net\/\",\"logo\":{\"@type\":\"ImageObject\",\"inLanguage\":\"fr-FR\",\"@id\":\"https:\/\/sl.ambagn.staging.e-kaidi.net\/#\/schema\/logo\/image\/\",\"url\":\"https:\/\/sl.ambagn.staging.e-kaidi.net\/wp-content\/uploads\/2024\/06\/Logo-devise-Guinee-miniature.png\",\"contentUrl\":\"https:\/\/sl.ambagn.staging.e-kaidi.net\/wp-content\/uploads\/2024\/06\/Logo-devise-Guinee-miniature.png\",\"width\":170,\"height\":200,\"caption\":\"Ambassade de la R\u00e9publique Guin\u00e9e en France\"},\"image\":{\"@id\":\"https:\/\/sl.ambagn.staging.e-kaidi.net\/#\/schema\/logo\/image\/\"},\"sameAs\":[\"https:\/\/www.facebook.com\/ambaguiparis\",\"https:\/\/twitter.com\/AmbaGnFrPtIl\"]},{\"@type\":\"Person\",\"@id\":\"https:\/\/sl.ambagn.staging.e-kaidi.net\/#\/schema\/person\/e3e746e819daf465416d445c23765fd8\",\"name\":\"stg-ca-wpressuser\",\"image\":{\"@type\":\"ImageObject\",\"inLanguage\":\"fr-FR\",\"@id\":\"https:\/\/sl.ambagn.staging.e-kaidi.net\/#\/schema\/person\/image\/\",\"url\":\"https:\/\/secure.gravatar.com\/avatar\/8919cf3f42b825f8e35d147e4b19e946172e07fc82a728c3934e79f4238a76b3?s=96&d=mm&r=g\",\"contentUrl\":\"https:\/\/secure.gravatar.com\/avatar\/8919cf3f42b825f8e35d147e4b19e946172e07fc82a728c3934e79f4238a76b3?s=96&d=mm&r=g\",\"caption\":\"stg-ca-wpressuser\"},\"sameAs\":[\"https:\/\/sl.ambagn.staging.e-kaidi.net\"],\"url\":\"https:\/\/sl.ambagn.staging.e-kaidi.net\/?author=1\"}]}<\/script>\n<!-- \/ Yoast SEO plugin. -->","yoast_head_json":{"title":"Direct d\u2019Abidjan : Saidou Sow dans le 11 de d\u00e9part du Syli - Ambassade de Guin\u00e9e en Sierra L\u00e9one","robots":{"index":"index","follow":"follow","max-snippet":"max-snippet:-1","max-image-preview":"max-image-preview:large","max-video-preview":"max-video-preview:-1"},"canonical":"https:\/\/sl.ambagn.staging.e-kaidi.net\/?p=88484","og_locale":"fr_FR","og_type":"article","og_title":"Direct d\u2019Abidjan : Saidou Sow dans le 11 de d\u00e9part du Syli - Ambassade de Guin\u00e9e en Sierra L\u00e9one","og_description":"ABIDJAN- Un temps annonc\u00e9 incertain et m\u00eame forfait pour cause de p\u00e9pins physiques, le d\u00e9fenseur Sa\u00efdou Sow tient bien sa place. Il est titulariser par Michel Dussuyer pour affronter la RD Congo \u00e0 19h GMT. Issiaga Sylla est le capitaine. La paire d\u00e9fensive est compos\u00e9e de Saidou Sow, Ibrahima Sory Cont\u00e9, Issiaga Sylla et Ibrahim &hellip;","og_url":"https:\/\/sl.ambagn.staging.e-kaidi.net\/?p=88484","og_site_name":"Ambassade de Guin\u00e9e en Sierra L\u00e9one","article_publisher":"https:\/\/www.facebook.com\/ambaguiparis","article_published_time":"2024-11-16T22:03:02+00:00","og_image":[{"url":"https:\/\/sl.ambagn.staging.e-kaidi.net\/wp-content\/uploads\/2024\/11\/IMG-20241116-WA0037.jpg"}],"author":"stg-ca-wpressuser","twitter_card":"summary_large_image","twitter_creator":"@AmbaGnFrPtIl","twitter_site":"@AmbaGnFrPtIl","twitter_misc":{"\u00c9crit par":"stg-ca-wpressuser"},"schema":{"@context":"https:\/\/schema.org","@graph":[{"@type":"Article","@id":"https:\/\/sl.ambagn.staging.e-kaidi.net\/?p=88484#article","isPartOf":{"@id":"https:\/\/sl.ambagn.staging.e-kaidi.net\/?p=88484"},"author":{"name":"stg-ca-wpressuser","@id":"https:\/\/sl.ambagn.staging.e-kaidi.net\/#\/schema\/person\/e3e746e819daf465416d445c23765fd8"},"headline":"Direct d\u2019Abidjan : Saidou Sow dans le 11 de d\u00e9part du Syli","datePublished":"2024-11-16T22:03:02+00:00","dateModified":"2024-11-16T22:03:02+00:00","mainEntityOfPage":{"@id":"https:\/\/sl.ambagn.staging.e-kaidi.net\/?p=88484"},"wordCount":111,"publisher":{"@id":"https:\/\/sl.ambagn.staging.e-kaidi.net\/#organization"},"articleSection":["Sports"],"inLanguage":"fr-FR"},{"@type":"WebPage","@id":"https:\/\/sl.ambagn.staging.e-kaidi.net\/?p=88484","url":"https:\/\/sl.ambagn.staging.e-kaidi.net\/?p=88484","name":"Direct d\u2019Abidjan : Saidou Sow dans le 11 de d\u00e9part du Syli - Ambassade de Guin\u00e9e en Sierra L\u00e9one","isPartOf":{"@id":"https:\/\/sl.ambagn.staging.e-kaidi.net\/#website"},"datePublished":"2024-11-16T22:03:02+00:00","dateModified":"2024-11-16T22:03:02+00:00","breadcrumb":{"@id":"https:\/\/sl.ambagn.staging.e-kaidi.net\/?p=88484#breadcrumb"},"inLanguage":"fr-FR","potentialAction":[{"@type":"ReadAction","target":["https:\/\/sl.ambagn.staging.e-kaidi.net\/?p=88484"]}]},{"@type":"BreadcrumbList","@id":"https:\/\/sl.ambagn.staging.e-kaidi.net\/?p=88484#breadcrumb","itemListElement":[{"@type":"ListItem","position":1,"name":"Accueil","item":"https:\/\/sl.ambagn.staging.e-kaidi.net\/"},{"@type":"ListItem","position":2,"name":"Direct d\u2019Abidjan : Saidou Sow dans le 11 de d\u00e9part du Syli"}]},{"@type":"WebSite","@id":"https:\/\/sl.ambagn.staging.e-kaidi.net\/#website","url":"https:\/\/sl.ambagn.staging.e-kaidi.net\/","name":"Ambassade de Guin\u00e9e en Sierra L\u00e9one","description":"Ambassade de Guin\u00e9e en Sierra L\u00e9one","publisher":{"@id":"https:\/\/sl.ambagn.staging.e-kaidi.net\/#organization"},"potentialAction":[{"@type":"SearchAction","target":{"@type":"EntryPoint","urlTemplate":"https:\/\/sl.ambagn.staging.e-kaidi.net\/?s={search_term_string}"},"query-input":"required name=search_term_string"}],"inLanguage":"fr-FR"},{"@type":"Organization","@id":"https:\/\/sl.ambagn.staging.e-kaidi.net\/#organization","name":"Ambassade de la R\u00e9publique Guin\u00e9e en France","url":"https:\/\/sl.ambagn.staging.e-kaidi.net\/","logo":{"@type":"ImageObject","inLanguage":"fr-FR","@id":"https:\/\/sl.ambagn.staging.e-kaidi.net\/#\/schema\/logo\/image\/","url":"https:\/\/sl.ambagn.staging.e-kaidi.net\/wp-content\/uploads\/2024\/06\/Logo-devise-Guinee-miniature.png","contentUrl":"https:\/\/sl.ambagn.staging.e-kaidi.net\/wp-content\/uploads\/2024\/06\/Logo-devise-Guinee-miniature.png","width":170,"height":200,"caption":"Ambassade de la R\u00e9publique Guin\u00e9e en France"},"image":{"@id":"https:\/\/sl.ambagn.staging.e-kaidi.net\/#\/schema\/logo\/image\/"},"sameAs":["https:\/\/www.facebook.com\/ambaguiparis","https:\/\/twitter.com\/AmbaGnFrPtIl"]},{"@type":"Person","@id":"https:\/\/sl.ambagn.staging.e-kaidi.net\/#\/schema\/person\/e3e746e819daf465416d445c23765fd8","name":"stg-ca-wpressuser","image":{"@type":"ImageObject","inLanguage":"fr-FR","@id":"https:\/\/sl.ambagn.staging.e-kaidi.net\/#\/schema\/person\/image\/","url":"https:\/\/secure.gravatar.com\/avatar\/8919cf3f42b825f8e35d147e4b19e946172e07fc82a728c3934e79f4238a76b3?s=96&d=mm&r=g","contentUrl":"https:\/\/secure.gravatar.com\/avatar\/8919cf3f42b825f8e35d147e4b19e946172e07fc82a728c3934e79f4238a76b3?s=96&d=mm&r=g","caption":"stg-ca-wpressuser"},"sameAs":["https:\/\/sl.ambagn.staging.e-kaidi.net"],"url":"https:\/\/sl.ambagn.staging.e-kaidi.net\/?author=1"}]}},"_links":{"self":[{"href":"https:\/\/sl.ambagn.staging.e-kaidi.net\/index.php?rest_route=\/wp\/v2\/posts\/88484","targetHints":{"allow":["GET"]}}],"collection":[{"href":"https:\/\/sl.ambagn.staging.e-kaidi.net\/index.php?rest_route=\/wp\/v2\/posts"}],"about":[{"href":"https:\/\/sl.ambagn.staging.e-kaidi.net\/index.php?rest_route=\/wp\/v2\/types\/post"}],"author":[{"embeddable":true,"href":"https:\/\/sl.ambagn.staging.e-kaidi.net\/index.php?rest_route=\/wp\/v2\/users\/1"}],"replies":[{"embeddable":true,"href":"https:\/\/sl.ambagn.staging.e-kaidi.net\/index.php?rest_route=%2Fwp%2Fv2%2Fcomments&post=88484"}],"version-history":[{"count":0,"href":"https:\/\/sl.ambagn.staging.e-kaidi.net\/index.php?rest_route=\/wp\/v2\/posts\/88484\/revisions"}],"wp:attachment":[{"href":"https:\/\/sl.ambagn.staging.e-kaidi.net\/index.php?rest_route=%2Fwp%2Fv2%2Fmedia&parent=88484"}],"wp:term":[{"taxonomy":"category","embeddable":true,"href":"https:\/\/sl.ambagn.staging.e-kaidi.net\/index.php?rest_route=%2Fwp%2Fv2%2Fcategories&post=88484"},{"taxonomy":"post_tag","embeddable":true,"href":"https:\/\/sl.ambagn.staging.e-kaidi.net\/index.php?rest_route=%2Fwp%2Fv2%2Ftags&post=88484"}],"curies":[{"name":"wp","href":"https:\/\/api.w.org\/{rel}","templated":true}]}}