{"id":88423,"date":"2024-11-15T23:03:06","date_gmt":"2024-11-15T22:03:06","guid":{"rendered":"https:\/\/sl.ambagn.staging.e-kaidi.net\/?p=88423"},"modified":"2024-11-15T23:03:06","modified_gmt":"2024-11-15T22:03:06","slug":"saidou-sow-forfait-la-reponse-de-michel-dussuyer","status":"publish","type":"post","link":"https:\/\/sl.ambagn.staging.e-kaidi.net\/?p=88423","title":{"rendered":"Saidou Sow forfait ? La r\u00e9ponse de Michel Dussuyer"},"content":{"rendered":"<div>\n<p><strong>ABIDJAN- En conf\u00e9rence de presse, le s\u00e9lectionneur du Syli Michel Dussuyer a \u00e9t\u00e9 interpell\u00e9 sur le cas Sa\u00efdou Sow qui aurait eu des p\u00e9pins physiques \u00e0 l\u2019entra\u00eenement et qui serait d\u2019ors et d\u00e9j\u00e0 forfait pour les deux derniers matchs des \u00e9liminatoires<\/strong> <strong>de la CAN Maroc 2025.<\/strong> <\/p>\n<p>Le technicien fran\u00e7ais a d\u2019ailleurs convoqu\u00e9 Ibrahima Br\u00e9ze Fofana pour compl\u00e9ter son groupe \u00e0 24 joueurs et palier \u00e0 un \u00e9ventuel forfait du d\u00e9fenseur Sa\u00efdou Sow. Mais, selon Dussuyer, le jeune d\u00e9fenseur de Strasbourg est bel et bien apte \u00e0 jouer contre la RD Congo, ce samedi.<\/p>\n<p>\u201c<em><strong>Au niveau de l\u2019infirmerie, on a m\u00e9nag\u00e9 Saidou Sow qui a fait un entra\u00eenement sp\u00e9cifique mais il est d\u00e9j\u00e0 pr\u00eat<\/strong><\/em>. <em><strong>Ibrahima Br\u00e9ze Fofana arrive normalement ce soir \u00e0 Abidjan, de facto, il ne pourrait pas \u00eatre disponible demain contre la RDC(\u2026) Mais, je rassure que Sa\u00efdou va bien et il est pr\u00eat pour demain<\/strong><\/em> \u201d rassure-t-il.<\/p>\n<p>Voil\u00e0 qui est bien dit, des propos qui vont rassurer les supporters guin\u00e9ens quant \u00e0 la disponibilit\u00e9 de celui qu\u2019on surnomme \u201cG\u00e9n\u00e9ral saidou Sow\u201d.<\/p>\n<p><strong>Mohamed LAMINE TOUR\u00c9, depuis Abidjan<\/strong> <\/p>\n<\/div>\n","protected":false},"excerpt":{"rendered":"<p>ABIDJAN- En conf\u00e9rence de presse, le s\u00e9lectionneur du Syli Michel Dussuyer a \u00e9t\u00e9 interpell\u00e9 sur le cas Sa\u00efdou Sow qui aurait eu des p\u00e9pins physiques \u00e0 l\u2019entra\u00eenement et qui serait d\u2019ors et d\u00e9j\u00e0 forfait pour les deux derniers matchs des \u00e9liminatoires de la CAN Maroc 2025. Le technicien fran\u00e7ais a d\u2019ailleurs convoqu\u00e9 Ibrahima Br\u00e9ze Fofana &hellip;<\/p>\n","protected":false},"author":1,"featured_media":0,"comment_status":"closed","ping_status":"closed","sticky":false,"template":"","format":"standard","meta":{"footnotes":""},"categories":[4],"tags":[],"class_list":["post-88423","post","type-post","status-publish","format-standard","hentry","category-sports"],"yoast_head":"<!-- This site is optimized with the Yoast SEO plugin v21.0 - https:\/\/yoast.com\/wordpress\/plugins\/seo\/ -->\n<title>Saidou Sow forfait ? La r\u00e9ponse de Michel Dussuyer - Ambassade de Guin\u00e9e en Sierra L\u00e9one<\/title>\n<meta name=\"robots\" content=\"index, follow, max-snippet:-1, max-image-preview:large, max-video-preview:-1\" \/>\n<link rel=\"canonical\" href=\"https:\/\/sl.ambagn.staging.e-kaidi.net\/?p=88423\" \/>\n<meta property=\"og:locale\" content=\"fr_FR\" \/>\n<meta property=\"og:type\" content=\"article\" \/>\n<meta property=\"og:title\" content=\"Saidou Sow forfait ? La r\u00e9ponse de Michel Dussuyer - Ambassade de Guin\u00e9e en Sierra L\u00e9one\" \/>\n<meta property=\"og:description\" content=\"ABIDJAN- En conf\u00e9rence de presse, le s\u00e9lectionneur du Syli Michel Dussuyer a \u00e9t\u00e9 interpell\u00e9 sur le cas Sa\u00efdou Sow qui aurait eu des p\u00e9pins physiques \u00e0 l\u2019entra\u00eenement et qui serait d\u2019ors et d\u00e9j\u00e0 forfait pour les deux derniers matchs des \u00e9liminatoires de la CAN Maroc 2025. Le technicien fran\u00e7ais a d\u2019ailleurs convoqu\u00e9 Ibrahima Br\u00e9ze Fofana &hellip;\" \/>\n<meta property=\"og:url\" content=\"https:\/\/sl.ambagn.staging.e-kaidi.net\/?p=88423\" \/>\n<meta property=\"og:site_name\" content=\"Ambassade de Guin\u00e9e en Sierra L\u00e9one\" \/>\n<meta property=\"article:publisher\" content=\"https:\/\/www.facebook.com\/ambaguiparis\" \/>\n<meta property=\"article:published_time\" content=\"2024-11-15T22:03:06+00:00\" \/>\n<meta name=\"author\" content=\"stg-ca-wpressuser\" \/>\n<meta name=\"twitter:card\" content=\"summary_large_image\" \/>\n<meta name=\"twitter:creator\" content=\"@AmbaGnFrPtIl\" \/>\n<meta name=\"twitter:site\" content=\"@AmbaGnFrPtIl\" \/>\n<meta name=\"twitter:label1\" content=\"\u00c9crit par\" \/>\n\t<meta name=\"twitter:data1\" content=\"stg-ca-wpressuser\" \/>\n\t<meta name=\"twitter:label2\" content=\"Dur\u00e9e de lecture estim\u00e9e\" \/>\n\t<meta name=\"twitter:data2\" content=\"1 minute\" \/>\n<script type=\"application\/ld+json\" class=\"yoast-schema-graph\">{\"@context\":\"https:\/\/schema.org\",\"@graph\":[{\"@type\":\"Article\",\"@id\":\"https:\/\/sl.ambagn.staging.e-kaidi.net\/?p=88423#article\",\"isPartOf\":{\"@id\":\"https:\/\/sl.ambagn.staging.e-kaidi.net\/?p=88423\"},\"author\":{\"name\":\"stg-ca-wpressuser\",\"@id\":\"https:\/\/sl.ambagn.staging.e-kaidi.net\/#\/schema\/person\/e3e746e819daf465416d445c23765fd8\"},\"headline\":\"Saidou Sow forfait ? La r\u00e9ponse de Michel Dussuyer\",\"datePublished\":\"2024-11-15T22:03:06+00:00\",\"dateModified\":\"2024-11-15T22:03:06+00:00\",\"mainEntityOfPage\":{\"@id\":\"https:\/\/sl.ambagn.staging.e-kaidi.net\/?p=88423\"},\"wordCount\":206,\"publisher\":{\"@id\":\"https:\/\/sl.ambagn.staging.e-kaidi.net\/#organization\"},\"articleSection\":[\"Sports\"],\"inLanguage\":\"fr-FR\"},{\"@type\":\"WebPage\",\"@id\":\"https:\/\/sl.ambagn.staging.e-kaidi.net\/?p=88423\",\"url\":\"https:\/\/sl.ambagn.staging.e-kaidi.net\/?p=88423\",\"name\":\"Saidou Sow forfait ? La r\u00e9ponse de Michel Dussuyer - Ambassade de Guin\u00e9e en Sierra L\u00e9one\",\"isPartOf\":{\"@id\":\"https:\/\/sl.ambagn.staging.e-kaidi.net\/#website\"},\"datePublished\":\"2024-11-15T22:03:06+00:00\",\"dateModified\":\"2024-11-15T22:03:06+00:00\",\"breadcrumb\":{\"@id\":\"https:\/\/sl.ambagn.staging.e-kaidi.net\/?p=88423#breadcrumb\"},\"inLanguage\":\"fr-FR\",\"potentialAction\":[{\"@type\":\"ReadAction\",\"target\":[\"https:\/\/sl.ambagn.staging.e-kaidi.net\/?p=88423\"]}]},{\"@type\":\"BreadcrumbList\",\"@id\":\"https:\/\/sl.ambagn.staging.e-kaidi.net\/?p=88423#breadcrumb\",\"itemListElement\":[{\"@type\":\"ListItem\",\"position\":1,\"name\":\"Accueil\",\"item\":\"https:\/\/sl.ambagn.staging.e-kaidi.net\/\"},{\"@type\":\"ListItem\",\"position\":2,\"name\":\"Saidou Sow forfait ? La r\u00e9ponse de Michel Dussuyer\"}]},{\"@type\":\"WebSite\",\"@id\":\"https:\/\/sl.ambagn.staging.e-kaidi.net\/#website\",\"url\":\"https:\/\/sl.ambagn.staging.e-kaidi.net\/\",\"name\":\"Ambassade de Guin\u00e9e en Sierra L\u00e9one\",\"description\":\"Ambassade de Guin\u00e9e en Sierra L\u00e9one\",\"publisher\":{\"@id\":\"https:\/\/sl.ambagn.staging.e-kaidi.net\/#organization\"},\"potentialAction\":[{\"@type\":\"SearchAction\",\"target\":{\"@type\":\"EntryPoint\",\"urlTemplate\":\"https:\/\/sl.ambagn.staging.e-kaidi.net\/?s={search_term_string}\"},\"query-input\":\"required name=search_term_string\"}],\"inLanguage\":\"fr-FR\"},{\"@type\":\"Organization\",\"@id\":\"https:\/\/sl.ambagn.staging.e-kaidi.net\/#organization\",\"name\":\"Ambassade de la R\u00e9publique Guin\u00e9e en France\",\"url\":\"https:\/\/sl.ambagn.staging.e-kaidi.net\/\",\"logo\":{\"@type\":\"ImageObject\",\"inLanguage\":\"fr-FR\",\"@id\":\"https:\/\/sl.ambagn.staging.e-kaidi.net\/#\/schema\/logo\/image\/\",\"url\":\"https:\/\/sl.ambagn.staging.e-kaidi.net\/wp-content\/uploads\/2024\/06\/Logo-devise-Guinee-miniature.png\",\"contentUrl\":\"https:\/\/sl.ambagn.staging.e-kaidi.net\/wp-content\/uploads\/2024\/06\/Logo-devise-Guinee-miniature.png\",\"width\":170,\"height\":200,\"caption\":\"Ambassade de la R\u00e9publique Guin\u00e9e en France\"},\"image\":{\"@id\":\"https:\/\/sl.ambagn.staging.e-kaidi.net\/#\/schema\/logo\/image\/\"},\"sameAs\":[\"https:\/\/www.facebook.com\/ambaguiparis\",\"https:\/\/twitter.com\/AmbaGnFrPtIl\"]},{\"@type\":\"Person\",\"@id\":\"https:\/\/sl.ambagn.staging.e-kaidi.net\/#\/schema\/person\/e3e746e819daf465416d445c23765fd8\",\"name\":\"stg-ca-wpressuser\",\"image\":{\"@type\":\"ImageObject\",\"inLanguage\":\"fr-FR\",\"@id\":\"https:\/\/sl.ambagn.staging.e-kaidi.net\/#\/schema\/person\/image\/\",\"url\":\"https:\/\/secure.gravatar.com\/avatar\/8919cf3f42b825f8e35d147e4b19e946172e07fc82a728c3934e79f4238a76b3?s=96&d=mm&r=g\",\"contentUrl\":\"https:\/\/secure.gravatar.com\/avatar\/8919cf3f42b825f8e35d147e4b19e946172e07fc82a728c3934e79f4238a76b3?s=96&d=mm&r=g\",\"caption\":\"stg-ca-wpressuser\"},\"sameAs\":[\"https:\/\/sl.ambagn.staging.e-kaidi.net\"],\"url\":\"https:\/\/sl.ambagn.staging.e-kaidi.net\/?author=1\"}]}<\/script>\n<!-- \/ Yoast SEO plugin. -->","yoast_head_json":{"title":"Saidou Sow forfait ? La r\u00e9ponse de Michel Dussuyer - Ambassade de Guin\u00e9e en Sierra L\u00e9one","robots":{"index":"index","follow":"follow","max-snippet":"max-snippet:-1","max-image-preview":"max-image-preview:large","max-video-preview":"max-video-preview:-1"},"canonical":"https:\/\/sl.ambagn.staging.e-kaidi.net\/?p=88423","og_locale":"fr_FR","og_type":"article","og_title":"Saidou Sow forfait ? La r\u00e9ponse de Michel Dussuyer - Ambassade de Guin\u00e9e en Sierra L\u00e9one","og_description":"ABIDJAN- En conf\u00e9rence de presse, le s\u00e9lectionneur du Syli Michel Dussuyer a \u00e9t\u00e9 interpell\u00e9 sur le cas Sa\u00efdou Sow qui aurait eu des p\u00e9pins physiques \u00e0 l\u2019entra\u00eenement et qui serait d\u2019ors et d\u00e9j\u00e0 forfait pour les deux derniers matchs des \u00e9liminatoires de la CAN Maroc 2025. Le technicien fran\u00e7ais a d\u2019ailleurs convoqu\u00e9 Ibrahima Br\u00e9ze Fofana &hellip;","og_url":"https:\/\/sl.ambagn.staging.e-kaidi.net\/?p=88423","og_site_name":"Ambassade de Guin\u00e9e en Sierra L\u00e9one","article_publisher":"https:\/\/www.facebook.com\/ambaguiparis","article_published_time":"2024-11-15T22:03:06+00:00","author":"stg-ca-wpressuser","twitter_card":"summary_large_image","twitter_creator":"@AmbaGnFrPtIl","twitter_site":"@AmbaGnFrPtIl","twitter_misc":{"\u00c9crit par":"stg-ca-wpressuser","Dur\u00e9e de lecture estim\u00e9e":"1 minute"},"schema":{"@context":"https:\/\/schema.org","@graph":[{"@type":"Article","@id":"https:\/\/sl.ambagn.staging.e-kaidi.net\/?p=88423#article","isPartOf":{"@id":"https:\/\/sl.ambagn.staging.e-kaidi.net\/?p=88423"},"author":{"name":"stg-ca-wpressuser","@id":"https:\/\/sl.ambagn.staging.e-kaidi.net\/#\/schema\/person\/e3e746e819daf465416d445c23765fd8"},"headline":"Saidou Sow forfait ? La r\u00e9ponse de Michel Dussuyer","datePublished":"2024-11-15T22:03:06+00:00","dateModified":"2024-11-15T22:03:06+00:00","mainEntityOfPage":{"@id":"https:\/\/sl.ambagn.staging.e-kaidi.net\/?p=88423"},"wordCount":206,"publisher":{"@id":"https:\/\/sl.ambagn.staging.e-kaidi.net\/#organization"},"articleSection":["Sports"],"inLanguage":"fr-FR"},{"@type":"WebPage","@id":"https:\/\/sl.ambagn.staging.e-kaidi.net\/?p=88423","url":"https:\/\/sl.ambagn.staging.e-kaidi.net\/?p=88423","name":"Saidou Sow forfait ? La r\u00e9ponse de Michel Dussuyer - Ambassade de Guin\u00e9e en Sierra L\u00e9one","isPartOf":{"@id":"https:\/\/sl.ambagn.staging.e-kaidi.net\/#website"},"datePublished":"2024-11-15T22:03:06+00:00","dateModified":"2024-11-15T22:03:06+00:00","breadcrumb":{"@id":"https:\/\/sl.ambagn.staging.e-kaidi.net\/?p=88423#breadcrumb"},"inLanguage":"fr-FR","potentialAction":[{"@type":"ReadAction","target":["https:\/\/sl.ambagn.staging.e-kaidi.net\/?p=88423"]}]},{"@type":"BreadcrumbList","@id":"https:\/\/sl.ambagn.staging.e-kaidi.net\/?p=88423#breadcrumb","itemListElement":[{"@type":"ListItem","position":1,"name":"Accueil","item":"https:\/\/sl.ambagn.staging.e-kaidi.net\/"},{"@type":"ListItem","position":2,"name":"Saidou Sow forfait ? La r\u00e9ponse de Michel Dussuyer"}]},{"@type":"WebSite","@id":"https:\/\/sl.ambagn.staging.e-kaidi.net\/#website","url":"https:\/\/sl.ambagn.staging.e-kaidi.net\/","name":"Ambassade de Guin\u00e9e en Sierra L\u00e9one","description":"Ambassade de Guin\u00e9e en Sierra L\u00e9one","publisher":{"@id":"https:\/\/sl.ambagn.staging.e-kaidi.net\/#organization"},"potentialAction":[{"@type":"SearchAction","target":{"@type":"EntryPoint","urlTemplate":"https:\/\/sl.ambagn.staging.e-kaidi.net\/?s={search_term_string}"},"query-input":"required name=search_term_string"}],"inLanguage":"fr-FR"},{"@type":"Organization","@id":"https:\/\/sl.ambagn.staging.e-kaidi.net\/#organization","name":"Ambassade de la R\u00e9publique Guin\u00e9e en France","url":"https:\/\/sl.ambagn.staging.e-kaidi.net\/","logo":{"@type":"ImageObject","inLanguage":"fr-FR","@id":"https:\/\/sl.ambagn.staging.e-kaidi.net\/#\/schema\/logo\/image\/","url":"https:\/\/sl.ambagn.staging.e-kaidi.net\/wp-content\/uploads\/2024\/06\/Logo-devise-Guinee-miniature.png","contentUrl":"https:\/\/sl.ambagn.staging.e-kaidi.net\/wp-content\/uploads\/2024\/06\/Logo-devise-Guinee-miniature.png","width":170,"height":200,"caption":"Ambassade de la R\u00e9publique Guin\u00e9e en France"},"image":{"@id":"https:\/\/sl.ambagn.staging.e-kaidi.net\/#\/schema\/logo\/image\/"},"sameAs":["https:\/\/www.facebook.com\/ambaguiparis","https:\/\/twitter.com\/AmbaGnFrPtIl"]},{"@type":"Person","@id":"https:\/\/sl.ambagn.staging.e-kaidi.net\/#\/schema\/person\/e3e746e819daf465416d445c23765fd8","name":"stg-ca-wpressuser","image":{"@type":"ImageObject","inLanguage":"fr-FR","@id":"https:\/\/sl.ambagn.staging.e-kaidi.net\/#\/schema\/person\/image\/","url":"https:\/\/secure.gravatar.com\/avatar\/8919cf3f42b825f8e35d147e4b19e946172e07fc82a728c3934e79f4238a76b3?s=96&d=mm&r=g","contentUrl":"https:\/\/secure.gravatar.com\/avatar\/8919cf3f42b825f8e35d147e4b19e946172e07fc82a728c3934e79f4238a76b3?s=96&d=mm&r=g","caption":"stg-ca-wpressuser"},"sameAs":["https:\/\/sl.ambagn.staging.e-kaidi.net"],"url":"https:\/\/sl.ambagn.staging.e-kaidi.net\/?author=1"}]}},"_links":{"self":[{"href":"https:\/\/sl.ambagn.staging.e-kaidi.net\/index.php?rest_route=\/wp\/v2\/posts\/88423","targetHints":{"allow":["GET"]}}],"collection":[{"href":"https:\/\/sl.ambagn.staging.e-kaidi.net\/index.php?rest_route=\/wp\/v2\/posts"}],"about":[{"href":"https:\/\/sl.ambagn.staging.e-kaidi.net\/index.php?rest_route=\/wp\/v2\/types\/post"}],"author":[{"embeddable":true,"href":"https:\/\/sl.ambagn.staging.e-kaidi.net\/index.php?rest_route=\/wp\/v2\/users\/1"}],"replies":[{"embeddable":true,"href":"https:\/\/sl.ambagn.staging.e-kaidi.net\/index.php?rest_route=%2Fwp%2Fv2%2Fcomments&post=88423"}],"version-history":[{"count":0,"href":"https:\/\/sl.ambagn.staging.e-kaidi.net\/index.php?rest_route=\/wp\/v2\/posts\/88423\/revisions"}],"wp:attachment":[{"href":"https:\/\/sl.ambagn.staging.e-kaidi.net\/index.php?rest_route=%2Fwp%2Fv2%2Fmedia&parent=88423"}],"wp:term":[{"taxonomy":"category","embeddable":true,"href":"https:\/\/sl.ambagn.staging.e-kaidi.net\/index.php?rest_route=%2Fwp%2Fv2%2Fcategories&post=88423"},{"taxonomy":"post_tag","embeddable":true,"href":"https:\/\/sl.ambagn.staging.e-kaidi.net\/index.php?rest_route=%2Fwp%2Fv2%2Ftags&post=88423"}],"curies":[{"name":"wp","href":"https:\/\/api.w.org\/{rel}","templated":true}]}}