{"id":64212,"date":"2023-10-22T23:03:20","date_gmt":"2023-10-22T21:03:20","guid":{"rendered":"https:\/\/sl.ambagn.staging.e-kaidi.net\/?p=64212"},"modified":"2023-10-22T23:03:20","modified_gmt":"2023-10-22T21:03:20","slug":"officiel-mandjou-diallo-sengage-avec-las-kaloum","status":"publish","type":"post","link":"https:\/\/sl.ambagn.staging.e-kaidi.net\/?p=64212","title":{"rendered":"Officiel : Mandjou Diallo s\u2019engage avec l\u2019AS Kaloum"},"content":{"rendered":"<div>\n<p>Comme nous l\u2019annoncions r\u00e9cemment, Mandjou Diallo reprend du service apr\u00e8s une pause d\u2019environ deux ans. L\u2019entra\u00eeneur guin\u00e9en s\u2019est engag\u00e9 pour un an renouvelable avec l\u2019AS Kaloum. \u00ab\u00a0En accord avec le bureau ex\u00e9cutif, Mandjou Diallo a paraph\u00e9 un contrat d\u2019une saison et une en option. Il sera pr\u00e9sent\u00e9 demain lundi au stade de la mission \u00e0 [\u2026]<\/p>\n<p>L\u2019article <a rel=\"nofollow\" href=\"https:\/\/www.foot224.co\/2023\/10\/22\/officiel-mandjou-diallo-sengage-avec-las-kaloum\/\">Officiel : Mandjou Diallo s\u2019engage avec l\u2019AS Kaloum<\/a> est apparu en premier sur <a rel=\"nofollow\" href=\"https:\/\/www.foot224.co\/\">Foot224 &#8211; Actualit\u00e9 Sport Guin\u00e9e<\/a>.<\/p>\n<\/div>\n","protected":false},"excerpt":{"rendered":"<p>Comme nous l\u2019annoncions r\u00e9cemment, Mandjou Diallo reprend du service apr\u00e8s une pause d\u2019environ deux ans. L\u2019entra\u00eeneur guin\u00e9en s\u2019est engag\u00e9 pour un an renouvelable avec l\u2019AS Kaloum. \u00ab\u00a0En accord avec le bureau ex\u00e9cutif, Mandjou Diallo a paraph\u00e9 un contrat d\u2019une saison et une en option. Il sera pr\u00e9sent\u00e9 demain lundi au stade de la mission \u00e0 &hellip;<\/p>\n","protected":false},"author":1,"featured_media":0,"comment_status":"closed","ping_status":"closed","sticky":false,"template":"","format":"standard","meta":{"footnotes":""},"categories":[4],"tags":[],"class_list":["post-64212","post","type-post","status-publish","format-standard","hentry","category-sports"],"yoast_head":"<!-- This site is optimized with the Yoast SEO plugin v21.0 - https:\/\/yoast.com\/wordpress\/plugins\/seo\/ -->\n<title>Officiel : Mandjou Diallo s\u2019engage avec l\u2019AS Kaloum - Ambassade de Guin\u00e9e en Sierra L\u00e9one<\/title>\n<meta name=\"robots\" content=\"index, follow, max-snippet:-1, max-image-preview:large, max-video-preview:-1\" \/>\n<link rel=\"canonical\" href=\"https:\/\/sl.ambagn.staging.e-kaidi.net\/?p=64212\" \/>\n<meta property=\"og:locale\" content=\"fr_FR\" \/>\n<meta property=\"og:type\" content=\"article\" \/>\n<meta property=\"og:title\" content=\"Officiel : Mandjou Diallo s\u2019engage avec l\u2019AS Kaloum - Ambassade de Guin\u00e9e en Sierra L\u00e9one\" \/>\n<meta property=\"og:description\" content=\"Comme nous l\u2019annoncions r\u00e9cemment, Mandjou Diallo reprend du service apr\u00e8s une pause d\u2019environ deux ans. L\u2019entra\u00eeneur guin\u00e9en s\u2019est engag\u00e9 pour un an renouvelable avec l\u2019AS Kaloum. \u00ab\u00a0En accord avec le bureau ex\u00e9cutif, Mandjou Diallo a paraph\u00e9 un contrat d\u2019une saison et une en option. Il sera pr\u00e9sent\u00e9 demain lundi au stade de la mission \u00e0 &hellip;\" \/>\n<meta property=\"og:url\" content=\"https:\/\/sl.ambagn.staging.e-kaidi.net\/?p=64212\" \/>\n<meta property=\"og:site_name\" content=\"Ambassade de Guin\u00e9e en Sierra L\u00e9one\" \/>\n<meta property=\"article:publisher\" content=\"https:\/\/www.facebook.com\/ambaguiparis\" \/>\n<meta property=\"article:published_time\" content=\"2023-10-22T21:03:20+00:00\" \/>\n<meta name=\"author\" content=\"stg-ca-wpressuser\" \/>\n<meta name=\"twitter:card\" content=\"summary_large_image\" \/>\n<meta name=\"twitter:creator\" content=\"@AmbaGnFrPtIl\" \/>\n<meta name=\"twitter:site\" content=\"@AmbaGnFrPtIl\" \/>\n<meta name=\"twitter:label1\" content=\"\u00c9crit par\" \/>\n\t<meta name=\"twitter:data1\" content=\"stg-ca-wpressuser\" \/>\n<script type=\"application\/ld+json\" class=\"yoast-schema-graph\">{\"@context\":\"https:\/\/schema.org\",\"@graph\":[{\"@type\":\"Article\",\"@id\":\"https:\/\/sl.ambagn.staging.e-kaidi.net\/?p=64212#article\",\"isPartOf\":{\"@id\":\"https:\/\/sl.ambagn.staging.e-kaidi.net\/?p=64212\"},\"author\":{\"name\":\"stg-ca-wpressuser\",\"@id\":\"https:\/\/sl.ambagn.staging.e-kaidi.net\/#\/schema\/person\/e3e746e819daf465416d445c23765fd8\"},\"headline\":\"Officiel : Mandjou Diallo s\u2019engage avec l\u2019AS Kaloum\",\"datePublished\":\"2023-10-22T21:03:20+00:00\",\"dateModified\":\"2023-10-22T21:03:20+00:00\",\"mainEntityOfPage\":{\"@id\":\"https:\/\/sl.ambagn.staging.e-kaidi.net\/?p=64212\"},\"wordCount\":97,\"publisher\":{\"@id\":\"https:\/\/sl.ambagn.staging.e-kaidi.net\/#organization\"},\"articleSection\":[\"Sports\"],\"inLanguage\":\"fr-FR\"},{\"@type\":\"WebPage\",\"@id\":\"https:\/\/sl.ambagn.staging.e-kaidi.net\/?p=64212\",\"url\":\"https:\/\/sl.ambagn.staging.e-kaidi.net\/?p=64212\",\"name\":\"Officiel : Mandjou Diallo s\u2019engage avec l\u2019AS Kaloum - Ambassade de Guin\u00e9e en Sierra L\u00e9one\",\"isPartOf\":{\"@id\":\"https:\/\/sl.ambagn.staging.e-kaidi.net\/#website\"},\"datePublished\":\"2023-10-22T21:03:20+00:00\",\"dateModified\":\"2023-10-22T21:03:20+00:00\",\"breadcrumb\":{\"@id\":\"https:\/\/sl.ambagn.staging.e-kaidi.net\/?p=64212#breadcrumb\"},\"inLanguage\":\"fr-FR\",\"potentialAction\":[{\"@type\":\"ReadAction\",\"target\":[\"https:\/\/sl.ambagn.staging.e-kaidi.net\/?p=64212\"]}]},{\"@type\":\"BreadcrumbList\",\"@id\":\"https:\/\/sl.ambagn.staging.e-kaidi.net\/?p=64212#breadcrumb\",\"itemListElement\":[{\"@type\":\"ListItem\",\"position\":1,\"name\":\"Accueil\",\"item\":\"https:\/\/sl.ambagn.staging.e-kaidi.net\/\"},{\"@type\":\"ListItem\",\"position\":2,\"name\":\"Officiel : Mandjou Diallo s\u2019engage avec l\u2019AS Kaloum\"}]},{\"@type\":\"WebSite\",\"@id\":\"https:\/\/sl.ambagn.staging.e-kaidi.net\/#website\",\"url\":\"https:\/\/sl.ambagn.staging.e-kaidi.net\/\",\"name\":\"Ambassade de Guin\u00e9e en Sierra L\u00e9one\",\"description\":\"Ambassade de Guin\u00e9e en Sierra L\u00e9one\",\"publisher\":{\"@id\":\"https:\/\/sl.ambagn.staging.e-kaidi.net\/#organization\"},\"potentialAction\":[{\"@type\":\"SearchAction\",\"target\":{\"@type\":\"EntryPoint\",\"urlTemplate\":\"https:\/\/sl.ambagn.staging.e-kaidi.net\/?s={search_term_string}\"},\"query-input\":\"required name=search_term_string\"}],\"inLanguage\":\"fr-FR\"},{\"@type\":\"Organization\",\"@id\":\"https:\/\/sl.ambagn.staging.e-kaidi.net\/#organization\",\"name\":\"Ambassade de la R\u00e9publique Guin\u00e9e en France\",\"url\":\"https:\/\/sl.ambagn.staging.e-kaidi.net\/\",\"logo\":{\"@type\":\"ImageObject\",\"inLanguage\":\"fr-FR\",\"@id\":\"https:\/\/sl.ambagn.staging.e-kaidi.net\/#\/schema\/logo\/image\/\",\"url\":\"https:\/\/sl.ambagn.staging.e-kaidi.net\/wp-content\/uploads\/2024\/06\/Logo-devise-Guinee-miniature.png\",\"contentUrl\":\"https:\/\/sl.ambagn.staging.e-kaidi.net\/wp-content\/uploads\/2024\/06\/Logo-devise-Guinee-miniature.png\",\"width\":170,\"height\":200,\"caption\":\"Ambassade de la R\u00e9publique Guin\u00e9e en France\"},\"image\":{\"@id\":\"https:\/\/sl.ambagn.staging.e-kaidi.net\/#\/schema\/logo\/image\/\"},\"sameAs\":[\"https:\/\/www.facebook.com\/ambaguiparis\",\"https:\/\/twitter.com\/AmbaGnFrPtIl\"]},{\"@type\":\"Person\",\"@id\":\"https:\/\/sl.ambagn.staging.e-kaidi.net\/#\/schema\/person\/e3e746e819daf465416d445c23765fd8\",\"name\":\"stg-ca-wpressuser\",\"image\":{\"@type\":\"ImageObject\",\"inLanguage\":\"fr-FR\",\"@id\":\"https:\/\/sl.ambagn.staging.e-kaidi.net\/#\/schema\/person\/image\/\",\"url\":\"https:\/\/secure.gravatar.com\/avatar\/8919cf3f42b825f8e35d147e4b19e946172e07fc82a728c3934e79f4238a76b3?s=96&d=mm&r=g\",\"contentUrl\":\"https:\/\/secure.gravatar.com\/avatar\/8919cf3f42b825f8e35d147e4b19e946172e07fc82a728c3934e79f4238a76b3?s=96&d=mm&r=g\",\"caption\":\"stg-ca-wpressuser\"},\"sameAs\":[\"https:\/\/sl.ambagn.staging.e-kaidi.net\"],\"url\":\"https:\/\/sl.ambagn.staging.e-kaidi.net\/?author=1\"}]}<\/script>\n<!-- \/ Yoast SEO plugin. -->","yoast_head_json":{"title":"Officiel : Mandjou Diallo s\u2019engage avec l\u2019AS Kaloum - Ambassade de Guin\u00e9e en Sierra L\u00e9one","robots":{"index":"index","follow":"follow","max-snippet":"max-snippet:-1","max-image-preview":"max-image-preview:large","max-video-preview":"max-video-preview:-1"},"canonical":"https:\/\/sl.ambagn.staging.e-kaidi.net\/?p=64212","og_locale":"fr_FR","og_type":"article","og_title":"Officiel : Mandjou Diallo s\u2019engage avec l\u2019AS Kaloum - Ambassade de Guin\u00e9e en Sierra L\u00e9one","og_description":"Comme nous l\u2019annoncions r\u00e9cemment, Mandjou Diallo reprend du service apr\u00e8s une pause d\u2019environ deux ans. L\u2019entra\u00eeneur guin\u00e9en s\u2019est engag\u00e9 pour un an renouvelable avec l\u2019AS Kaloum. \u00ab\u00a0En accord avec le bureau ex\u00e9cutif, Mandjou Diallo a paraph\u00e9 un contrat d\u2019une saison et une en option. Il sera pr\u00e9sent\u00e9 demain lundi au stade de la mission \u00e0 &hellip;","og_url":"https:\/\/sl.ambagn.staging.e-kaidi.net\/?p=64212","og_site_name":"Ambassade de Guin\u00e9e en Sierra L\u00e9one","article_publisher":"https:\/\/www.facebook.com\/ambaguiparis","article_published_time":"2023-10-22T21:03:20+00:00","author":"stg-ca-wpressuser","twitter_card":"summary_large_image","twitter_creator":"@AmbaGnFrPtIl","twitter_site":"@AmbaGnFrPtIl","twitter_misc":{"\u00c9crit par":"stg-ca-wpressuser"},"schema":{"@context":"https:\/\/schema.org","@graph":[{"@type":"Article","@id":"https:\/\/sl.ambagn.staging.e-kaidi.net\/?p=64212#article","isPartOf":{"@id":"https:\/\/sl.ambagn.staging.e-kaidi.net\/?p=64212"},"author":{"name":"stg-ca-wpressuser","@id":"https:\/\/sl.ambagn.staging.e-kaidi.net\/#\/schema\/person\/e3e746e819daf465416d445c23765fd8"},"headline":"Officiel : Mandjou Diallo s\u2019engage avec l\u2019AS Kaloum","datePublished":"2023-10-22T21:03:20+00:00","dateModified":"2023-10-22T21:03:20+00:00","mainEntityOfPage":{"@id":"https:\/\/sl.ambagn.staging.e-kaidi.net\/?p=64212"},"wordCount":97,"publisher":{"@id":"https:\/\/sl.ambagn.staging.e-kaidi.net\/#organization"},"articleSection":["Sports"],"inLanguage":"fr-FR"},{"@type":"WebPage","@id":"https:\/\/sl.ambagn.staging.e-kaidi.net\/?p=64212","url":"https:\/\/sl.ambagn.staging.e-kaidi.net\/?p=64212","name":"Officiel : Mandjou Diallo s\u2019engage avec l\u2019AS Kaloum - Ambassade de Guin\u00e9e en Sierra L\u00e9one","isPartOf":{"@id":"https:\/\/sl.ambagn.staging.e-kaidi.net\/#website"},"datePublished":"2023-10-22T21:03:20+00:00","dateModified":"2023-10-22T21:03:20+00:00","breadcrumb":{"@id":"https:\/\/sl.ambagn.staging.e-kaidi.net\/?p=64212#breadcrumb"},"inLanguage":"fr-FR","potentialAction":[{"@type":"ReadAction","target":["https:\/\/sl.ambagn.staging.e-kaidi.net\/?p=64212"]}]},{"@type":"BreadcrumbList","@id":"https:\/\/sl.ambagn.staging.e-kaidi.net\/?p=64212#breadcrumb","itemListElement":[{"@type":"ListItem","position":1,"name":"Accueil","item":"https:\/\/sl.ambagn.staging.e-kaidi.net\/"},{"@type":"ListItem","position":2,"name":"Officiel : Mandjou Diallo s\u2019engage avec l\u2019AS Kaloum"}]},{"@type":"WebSite","@id":"https:\/\/sl.ambagn.staging.e-kaidi.net\/#website","url":"https:\/\/sl.ambagn.staging.e-kaidi.net\/","name":"Ambassade de Guin\u00e9e en Sierra L\u00e9one","description":"Ambassade de Guin\u00e9e en Sierra L\u00e9one","publisher":{"@id":"https:\/\/sl.ambagn.staging.e-kaidi.net\/#organization"},"potentialAction":[{"@type":"SearchAction","target":{"@type":"EntryPoint","urlTemplate":"https:\/\/sl.ambagn.staging.e-kaidi.net\/?s={search_term_string}"},"query-input":"required name=search_term_string"}],"inLanguage":"fr-FR"},{"@type":"Organization","@id":"https:\/\/sl.ambagn.staging.e-kaidi.net\/#organization","name":"Ambassade de la R\u00e9publique Guin\u00e9e en France","url":"https:\/\/sl.ambagn.staging.e-kaidi.net\/","logo":{"@type":"ImageObject","inLanguage":"fr-FR","@id":"https:\/\/sl.ambagn.staging.e-kaidi.net\/#\/schema\/logo\/image\/","url":"https:\/\/sl.ambagn.staging.e-kaidi.net\/wp-content\/uploads\/2024\/06\/Logo-devise-Guinee-miniature.png","contentUrl":"https:\/\/sl.ambagn.staging.e-kaidi.net\/wp-content\/uploads\/2024\/06\/Logo-devise-Guinee-miniature.png","width":170,"height":200,"caption":"Ambassade de la R\u00e9publique Guin\u00e9e en France"},"image":{"@id":"https:\/\/sl.ambagn.staging.e-kaidi.net\/#\/schema\/logo\/image\/"},"sameAs":["https:\/\/www.facebook.com\/ambaguiparis","https:\/\/twitter.com\/AmbaGnFrPtIl"]},{"@type":"Person","@id":"https:\/\/sl.ambagn.staging.e-kaidi.net\/#\/schema\/person\/e3e746e819daf465416d445c23765fd8","name":"stg-ca-wpressuser","image":{"@type":"ImageObject","inLanguage":"fr-FR","@id":"https:\/\/sl.ambagn.staging.e-kaidi.net\/#\/schema\/person\/image\/","url":"https:\/\/secure.gravatar.com\/avatar\/8919cf3f42b825f8e35d147e4b19e946172e07fc82a728c3934e79f4238a76b3?s=96&d=mm&r=g","contentUrl":"https:\/\/secure.gravatar.com\/avatar\/8919cf3f42b825f8e35d147e4b19e946172e07fc82a728c3934e79f4238a76b3?s=96&d=mm&r=g","caption":"stg-ca-wpressuser"},"sameAs":["https:\/\/sl.ambagn.staging.e-kaidi.net"],"url":"https:\/\/sl.ambagn.staging.e-kaidi.net\/?author=1"}]}},"_links":{"self":[{"href":"https:\/\/sl.ambagn.staging.e-kaidi.net\/index.php?rest_route=\/wp\/v2\/posts\/64212","targetHints":{"allow":["GET"]}}],"collection":[{"href":"https:\/\/sl.ambagn.staging.e-kaidi.net\/index.php?rest_route=\/wp\/v2\/posts"}],"about":[{"href":"https:\/\/sl.ambagn.staging.e-kaidi.net\/index.php?rest_route=\/wp\/v2\/types\/post"}],"author":[{"embeddable":true,"href":"https:\/\/sl.ambagn.staging.e-kaidi.net\/index.php?rest_route=\/wp\/v2\/users\/1"}],"replies":[{"embeddable":true,"href":"https:\/\/sl.ambagn.staging.e-kaidi.net\/index.php?rest_route=%2Fwp%2Fv2%2Fcomments&post=64212"}],"version-history":[{"count":0,"href":"https:\/\/sl.ambagn.staging.e-kaidi.net\/index.php?rest_route=\/wp\/v2\/posts\/64212\/revisions"}],"wp:attachment":[{"href":"https:\/\/sl.ambagn.staging.e-kaidi.net\/index.php?rest_route=%2Fwp%2Fv2%2Fmedia&parent=64212"}],"wp:term":[{"taxonomy":"category","embeddable":true,"href":"https:\/\/sl.ambagn.staging.e-kaidi.net\/index.php?rest_route=%2Fwp%2Fv2%2Fcategories&post=64212"},{"taxonomy":"post_tag","embeddable":true,"href":"https:\/\/sl.ambagn.staging.e-kaidi.net\/index.php?rest_route=%2Fwp%2Fv2%2Ftags&post=64212"}],"curies":[{"name":"wp","href":"https:\/\/api.w.org\/{rel}","templated":true}]}}