{"id":61891,"date":"2023-08-18T23:04:50","date_gmt":"2023-08-18T21:04:50","guid":{"rendered":"https:\/\/sl.ambagn.staging.e-kaidi.net\/?p=61891"},"modified":"2023-08-18T23:04:50","modified_gmt":"2023-08-18T21:04:50","slug":"coupe-caf-le-milo-fc-jouera-pour-la-gagne-face-a-dreams-fc","status":"publish","type":"post","link":"https:\/\/sl.ambagn.staging.e-kaidi.net\/?p=61891","title":{"rendered":"Coupe CAF : le Milo FC jouera \u00ab pour la gagne \u00bb face \u00e0 Dreams FC"},"content":{"rendered":"<div>\n<p>Une victoire et rien d\u2019autre, c\u2019est l\u2019objectif du Milo FC, qui affronte Dreams FC du Ghana ce samedi \u00e0 Conakry. Selon l\u2019entra\u00eeneur adjoint des Bleu et Blanc, son \u00e9quipe est bien pr\u00e9par\u00e9e pour remporter cette premi\u00e8re manche \u00e0 domicile.<\/p>\n<p>L\u2019article <a rel=\"nofollow\" href=\"https:\/\/www.foot224.co\/2023\/08\/18\/coupe-caf-le-milo-fc-jouera-pour-la-gagne-face-a-dreams-fc\/\">Coupe CAF : le Milo FC jouera \u00ab pour la gagne \u00bb face \u00e0 Dreams FC<\/a> est apparu en premier sur <a rel=\"nofollow\" href=\"https:\/\/www.foot224.co\/\">Foot224 &#8211; Actualit\u00e9 Sport Guin\u00e9e<\/a>.<\/p>\n<\/div>\n","protected":false},"excerpt":{"rendered":"<p>Une victoire et rien d\u2019autre, c\u2019est l\u2019objectif du Milo FC, qui affronte Dreams FC du Ghana ce samedi \u00e0 Conakry. Selon l\u2019entra\u00eeneur adjoint des Bleu et Blanc, son \u00e9quipe est bien pr\u00e9par\u00e9e pour remporter cette premi\u00e8re manche \u00e0 domicile. L\u2019article Coupe CAF : le Milo FC jouera \u00ab pour la gagne \u00bb face \u00e0 Dreams &hellip;<\/p>\n","protected":false},"author":1,"featured_media":0,"comment_status":"closed","ping_status":"closed","sticky":false,"template":"","format":"standard","meta":{"footnotes":""},"categories":[4],"tags":[],"class_list":["post-61891","post","type-post","status-publish","format-standard","hentry","category-sports"],"yoast_head":"<!-- This site is optimized with the Yoast SEO plugin v21.0 - https:\/\/yoast.com\/wordpress\/plugins\/seo\/ -->\n<title>Coupe CAF : le Milo FC jouera \u00ab pour la gagne \u00bb face \u00e0 Dreams FC - Ambassade de Guin\u00e9e en Sierra L\u00e9one<\/title>\n<meta name=\"robots\" content=\"index, follow, max-snippet:-1, max-image-preview:large, max-video-preview:-1\" \/>\n<link rel=\"canonical\" href=\"https:\/\/sl.ambagn.staging.e-kaidi.net\/?p=61891\" \/>\n<meta property=\"og:locale\" content=\"fr_FR\" \/>\n<meta property=\"og:type\" content=\"article\" \/>\n<meta property=\"og:title\" content=\"Coupe CAF : le Milo FC jouera \u00ab pour la gagne \u00bb face \u00e0 Dreams FC - Ambassade de Guin\u00e9e en Sierra L\u00e9one\" \/>\n<meta property=\"og:description\" content=\"Une victoire et rien d\u2019autre, c\u2019est l\u2019objectif du Milo FC, qui affronte Dreams FC du Ghana ce samedi \u00e0 Conakry. Selon l\u2019entra\u00eeneur adjoint des Bleu et Blanc, son \u00e9quipe est bien pr\u00e9par\u00e9e pour remporter cette premi\u00e8re manche \u00e0 domicile. L\u2019article Coupe CAF : le Milo FC jouera \u00ab pour la gagne \u00bb face \u00e0 Dreams &hellip;\" \/>\n<meta property=\"og:url\" content=\"https:\/\/sl.ambagn.staging.e-kaidi.net\/?p=61891\" \/>\n<meta property=\"og:site_name\" content=\"Ambassade de Guin\u00e9e en Sierra L\u00e9one\" \/>\n<meta property=\"article:publisher\" content=\"https:\/\/www.facebook.com\/ambaguiparis\" \/>\n<meta property=\"article:published_time\" content=\"2023-08-18T21:04:50+00:00\" \/>\n<meta name=\"author\" content=\"stg-ca-wpressuser\" \/>\n<meta name=\"twitter:card\" content=\"summary_large_image\" \/>\n<meta name=\"twitter:creator\" content=\"@AmbaGnFrPtIl\" \/>\n<meta name=\"twitter:site\" content=\"@AmbaGnFrPtIl\" \/>\n<meta name=\"twitter:label1\" content=\"\u00c9crit par\" \/>\n\t<meta name=\"twitter:data1\" content=\"stg-ca-wpressuser\" \/>\n<script type=\"application\/ld+json\" class=\"yoast-schema-graph\">{\"@context\":\"https:\/\/schema.org\",\"@graph\":[{\"@type\":\"Article\",\"@id\":\"https:\/\/sl.ambagn.staging.e-kaidi.net\/?p=61891#article\",\"isPartOf\":{\"@id\":\"https:\/\/sl.ambagn.staging.e-kaidi.net\/?p=61891\"},\"author\":{\"name\":\"stg-ca-wpressuser\",\"@id\":\"https:\/\/sl.ambagn.staging.e-kaidi.net\/#\/schema\/person\/e3e746e819daf465416d445c23765fd8\"},\"headline\":\"Coupe CAF : le Milo FC jouera \u00ab pour la gagne \u00bb face \u00e0 Dreams FC\",\"datePublished\":\"2023-08-18T21:04:50+00:00\",\"dateModified\":\"2023-08-18T21:04:50+00:00\",\"mainEntityOfPage\":{\"@id\":\"https:\/\/sl.ambagn.staging.e-kaidi.net\/?p=61891\"},\"wordCount\":82,\"publisher\":{\"@id\":\"https:\/\/sl.ambagn.staging.e-kaidi.net\/#organization\"},\"articleSection\":[\"Sports\"],\"inLanguage\":\"fr-FR\"},{\"@type\":\"WebPage\",\"@id\":\"https:\/\/sl.ambagn.staging.e-kaidi.net\/?p=61891\",\"url\":\"https:\/\/sl.ambagn.staging.e-kaidi.net\/?p=61891\",\"name\":\"Coupe CAF : le Milo FC jouera \u00ab pour la gagne \u00bb face \u00e0 Dreams FC - Ambassade de Guin\u00e9e en Sierra L\u00e9one\",\"isPartOf\":{\"@id\":\"https:\/\/sl.ambagn.staging.e-kaidi.net\/#website\"},\"datePublished\":\"2023-08-18T21:04:50+00:00\",\"dateModified\":\"2023-08-18T21:04:50+00:00\",\"breadcrumb\":{\"@id\":\"https:\/\/sl.ambagn.staging.e-kaidi.net\/?p=61891#breadcrumb\"},\"inLanguage\":\"fr-FR\",\"potentialAction\":[{\"@type\":\"ReadAction\",\"target\":[\"https:\/\/sl.ambagn.staging.e-kaidi.net\/?p=61891\"]}]},{\"@type\":\"BreadcrumbList\",\"@id\":\"https:\/\/sl.ambagn.staging.e-kaidi.net\/?p=61891#breadcrumb\",\"itemListElement\":[{\"@type\":\"ListItem\",\"position\":1,\"name\":\"Accueil\",\"item\":\"https:\/\/sl.ambagn.staging.e-kaidi.net\/\"},{\"@type\":\"ListItem\",\"position\":2,\"name\":\"Coupe CAF : le Milo FC jouera \u00ab pour la gagne \u00bb face \u00e0 Dreams FC\"}]},{\"@type\":\"WebSite\",\"@id\":\"https:\/\/sl.ambagn.staging.e-kaidi.net\/#website\",\"url\":\"https:\/\/sl.ambagn.staging.e-kaidi.net\/\",\"name\":\"Ambassade de Guin\u00e9e en Sierra L\u00e9one\",\"description\":\"Ambassade de Guin\u00e9e en Sierra L\u00e9one\",\"publisher\":{\"@id\":\"https:\/\/sl.ambagn.staging.e-kaidi.net\/#organization\"},\"potentialAction\":[{\"@type\":\"SearchAction\",\"target\":{\"@type\":\"EntryPoint\",\"urlTemplate\":\"https:\/\/sl.ambagn.staging.e-kaidi.net\/?s={search_term_string}\"},\"query-input\":\"required name=search_term_string\"}],\"inLanguage\":\"fr-FR\"},{\"@type\":\"Organization\",\"@id\":\"https:\/\/sl.ambagn.staging.e-kaidi.net\/#organization\",\"name\":\"Ambassade de la R\u00e9publique Guin\u00e9e en France\",\"url\":\"https:\/\/sl.ambagn.staging.e-kaidi.net\/\",\"logo\":{\"@type\":\"ImageObject\",\"inLanguage\":\"fr-FR\",\"@id\":\"https:\/\/sl.ambagn.staging.e-kaidi.net\/#\/schema\/logo\/image\/\",\"url\":\"https:\/\/sl.ambagn.staging.e-kaidi.net\/wp-content\/uploads\/2024\/06\/Logo-devise-Guinee-miniature.png\",\"contentUrl\":\"https:\/\/sl.ambagn.staging.e-kaidi.net\/wp-content\/uploads\/2024\/06\/Logo-devise-Guinee-miniature.png\",\"width\":170,\"height\":200,\"caption\":\"Ambassade de la R\u00e9publique Guin\u00e9e en France\"},\"image\":{\"@id\":\"https:\/\/sl.ambagn.staging.e-kaidi.net\/#\/schema\/logo\/image\/\"},\"sameAs\":[\"https:\/\/www.facebook.com\/ambaguiparis\",\"https:\/\/twitter.com\/AmbaGnFrPtIl\"]},{\"@type\":\"Person\",\"@id\":\"https:\/\/sl.ambagn.staging.e-kaidi.net\/#\/schema\/person\/e3e746e819daf465416d445c23765fd8\",\"name\":\"stg-ca-wpressuser\",\"image\":{\"@type\":\"ImageObject\",\"inLanguage\":\"fr-FR\",\"@id\":\"https:\/\/sl.ambagn.staging.e-kaidi.net\/#\/schema\/person\/image\/\",\"url\":\"https:\/\/secure.gravatar.com\/avatar\/8919cf3f42b825f8e35d147e4b19e946172e07fc82a728c3934e79f4238a76b3?s=96&d=mm&r=g\",\"contentUrl\":\"https:\/\/secure.gravatar.com\/avatar\/8919cf3f42b825f8e35d147e4b19e946172e07fc82a728c3934e79f4238a76b3?s=96&d=mm&r=g\",\"caption\":\"stg-ca-wpressuser\"},\"sameAs\":[\"https:\/\/sl.ambagn.staging.e-kaidi.net\"],\"url\":\"https:\/\/sl.ambagn.staging.e-kaidi.net\/?author=1\"}]}<\/script>\n<!-- \/ Yoast SEO plugin. -->","yoast_head_json":{"title":"Coupe CAF : le Milo FC jouera \u00ab pour la gagne \u00bb face \u00e0 Dreams FC - Ambassade de Guin\u00e9e en Sierra L\u00e9one","robots":{"index":"index","follow":"follow","max-snippet":"max-snippet:-1","max-image-preview":"max-image-preview:large","max-video-preview":"max-video-preview:-1"},"canonical":"https:\/\/sl.ambagn.staging.e-kaidi.net\/?p=61891","og_locale":"fr_FR","og_type":"article","og_title":"Coupe CAF : le Milo FC jouera \u00ab pour la gagne \u00bb face \u00e0 Dreams FC - Ambassade de Guin\u00e9e en Sierra L\u00e9one","og_description":"Une victoire et rien d\u2019autre, c\u2019est l\u2019objectif du Milo FC, qui affronte Dreams FC du Ghana ce samedi \u00e0 Conakry. Selon l\u2019entra\u00eeneur adjoint des Bleu et Blanc, son \u00e9quipe est bien pr\u00e9par\u00e9e pour remporter cette premi\u00e8re manche \u00e0 domicile. L\u2019article Coupe CAF : le Milo FC jouera \u00ab pour la gagne \u00bb face \u00e0 Dreams &hellip;","og_url":"https:\/\/sl.ambagn.staging.e-kaidi.net\/?p=61891","og_site_name":"Ambassade de Guin\u00e9e en Sierra L\u00e9one","article_publisher":"https:\/\/www.facebook.com\/ambaguiparis","article_published_time":"2023-08-18T21:04:50+00:00","author":"stg-ca-wpressuser","twitter_card":"summary_large_image","twitter_creator":"@AmbaGnFrPtIl","twitter_site":"@AmbaGnFrPtIl","twitter_misc":{"\u00c9crit par":"stg-ca-wpressuser"},"schema":{"@context":"https:\/\/schema.org","@graph":[{"@type":"Article","@id":"https:\/\/sl.ambagn.staging.e-kaidi.net\/?p=61891#article","isPartOf":{"@id":"https:\/\/sl.ambagn.staging.e-kaidi.net\/?p=61891"},"author":{"name":"stg-ca-wpressuser","@id":"https:\/\/sl.ambagn.staging.e-kaidi.net\/#\/schema\/person\/e3e746e819daf465416d445c23765fd8"},"headline":"Coupe CAF : le Milo FC jouera \u00ab pour la gagne \u00bb face \u00e0 Dreams FC","datePublished":"2023-08-18T21:04:50+00:00","dateModified":"2023-08-18T21:04:50+00:00","mainEntityOfPage":{"@id":"https:\/\/sl.ambagn.staging.e-kaidi.net\/?p=61891"},"wordCount":82,"publisher":{"@id":"https:\/\/sl.ambagn.staging.e-kaidi.net\/#organization"},"articleSection":["Sports"],"inLanguage":"fr-FR"},{"@type":"WebPage","@id":"https:\/\/sl.ambagn.staging.e-kaidi.net\/?p=61891","url":"https:\/\/sl.ambagn.staging.e-kaidi.net\/?p=61891","name":"Coupe CAF : le Milo FC jouera \u00ab pour la gagne \u00bb face \u00e0 Dreams FC - Ambassade de Guin\u00e9e en Sierra L\u00e9one","isPartOf":{"@id":"https:\/\/sl.ambagn.staging.e-kaidi.net\/#website"},"datePublished":"2023-08-18T21:04:50+00:00","dateModified":"2023-08-18T21:04:50+00:00","breadcrumb":{"@id":"https:\/\/sl.ambagn.staging.e-kaidi.net\/?p=61891#breadcrumb"},"inLanguage":"fr-FR","potentialAction":[{"@type":"ReadAction","target":["https:\/\/sl.ambagn.staging.e-kaidi.net\/?p=61891"]}]},{"@type":"BreadcrumbList","@id":"https:\/\/sl.ambagn.staging.e-kaidi.net\/?p=61891#breadcrumb","itemListElement":[{"@type":"ListItem","position":1,"name":"Accueil","item":"https:\/\/sl.ambagn.staging.e-kaidi.net\/"},{"@type":"ListItem","position":2,"name":"Coupe CAF : le Milo FC jouera \u00ab pour la gagne \u00bb face \u00e0 Dreams FC"}]},{"@type":"WebSite","@id":"https:\/\/sl.ambagn.staging.e-kaidi.net\/#website","url":"https:\/\/sl.ambagn.staging.e-kaidi.net\/","name":"Ambassade de Guin\u00e9e en Sierra L\u00e9one","description":"Ambassade de Guin\u00e9e en Sierra L\u00e9one","publisher":{"@id":"https:\/\/sl.ambagn.staging.e-kaidi.net\/#organization"},"potentialAction":[{"@type":"SearchAction","target":{"@type":"EntryPoint","urlTemplate":"https:\/\/sl.ambagn.staging.e-kaidi.net\/?s={search_term_string}"},"query-input":"required name=search_term_string"}],"inLanguage":"fr-FR"},{"@type":"Organization","@id":"https:\/\/sl.ambagn.staging.e-kaidi.net\/#organization","name":"Ambassade de la R\u00e9publique Guin\u00e9e en France","url":"https:\/\/sl.ambagn.staging.e-kaidi.net\/","logo":{"@type":"ImageObject","inLanguage":"fr-FR","@id":"https:\/\/sl.ambagn.staging.e-kaidi.net\/#\/schema\/logo\/image\/","url":"https:\/\/sl.ambagn.staging.e-kaidi.net\/wp-content\/uploads\/2024\/06\/Logo-devise-Guinee-miniature.png","contentUrl":"https:\/\/sl.ambagn.staging.e-kaidi.net\/wp-content\/uploads\/2024\/06\/Logo-devise-Guinee-miniature.png","width":170,"height":200,"caption":"Ambassade de la R\u00e9publique Guin\u00e9e en France"},"image":{"@id":"https:\/\/sl.ambagn.staging.e-kaidi.net\/#\/schema\/logo\/image\/"},"sameAs":["https:\/\/www.facebook.com\/ambaguiparis","https:\/\/twitter.com\/AmbaGnFrPtIl"]},{"@type":"Person","@id":"https:\/\/sl.ambagn.staging.e-kaidi.net\/#\/schema\/person\/e3e746e819daf465416d445c23765fd8","name":"stg-ca-wpressuser","image":{"@type":"ImageObject","inLanguage":"fr-FR","@id":"https:\/\/sl.ambagn.staging.e-kaidi.net\/#\/schema\/person\/image\/","url":"https:\/\/secure.gravatar.com\/avatar\/8919cf3f42b825f8e35d147e4b19e946172e07fc82a728c3934e79f4238a76b3?s=96&d=mm&r=g","contentUrl":"https:\/\/secure.gravatar.com\/avatar\/8919cf3f42b825f8e35d147e4b19e946172e07fc82a728c3934e79f4238a76b3?s=96&d=mm&r=g","caption":"stg-ca-wpressuser"},"sameAs":["https:\/\/sl.ambagn.staging.e-kaidi.net"],"url":"https:\/\/sl.ambagn.staging.e-kaidi.net\/?author=1"}]}},"_links":{"self":[{"href":"https:\/\/sl.ambagn.staging.e-kaidi.net\/index.php?rest_route=\/wp\/v2\/posts\/61891","targetHints":{"allow":["GET"]}}],"collection":[{"href":"https:\/\/sl.ambagn.staging.e-kaidi.net\/index.php?rest_route=\/wp\/v2\/posts"}],"about":[{"href":"https:\/\/sl.ambagn.staging.e-kaidi.net\/index.php?rest_route=\/wp\/v2\/types\/post"}],"author":[{"embeddable":true,"href":"https:\/\/sl.ambagn.staging.e-kaidi.net\/index.php?rest_route=\/wp\/v2\/users\/1"}],"replies":[{"embeddable":true,"href":"https:\/\/sl.ambagn.staging.e-kaidi.net\/index.php?rest_route=%2Fwp%2Fv2%2Fcomments&post=61891"}],"version-history":[{"count":0,"href":"https:\/\/sl.ambagn.staging.e-kaidi.net\/index.php?rest_route=\/wp\/v2\/posts\/61891\/revisions"}],"wp:attachment":[{"href":"https:\/\/sl.ambagn.staging.e-kaidi.net\/index.php?rest_route=%2Fwp%2Fv2%2Fmedia&parent=61891"}],"wp:term":[{"taxonomy":"category","embeddable":true,"href":"https:\/\/sl.ambagn.staging.e-kaidi.net\/index.php?rest_route=%2Fwp%2Fv2%2Fcategories&post=61891"},{"taxonomy":"post_tag","embeddable":true,"href":"https:\/\/sl.ambagn.staging.e-kaidi.net\/index.php?rest_route=%2Fwp%2Fv2%2Ftags&post=61891"}],"curies":[{"name":"wp","href":"https:\/\/api.w.org\/{rel}","templated":true}]}}