{"id":123108,"date":"2026-09-02T23:04:59","date_gmt":"2026-09-02T21:04:59","guid":{"rendered":"https:\/\/sl.ambagn.staging.e-kaidi.net\/?p=123108"},"modified":"2026-09-02T23:04:59","modified_gmt":"2026-09-02T21:04:59","slug":"can-2027-paulo-duarte-affiche-ses-ambitions-avant-le-choc-contre-lafrique-du-sud","status":"publish","type":"post","link":"https:\/\/sl.ambagn.staging.e-kaidi.net\/?p=123108","title":{"rendered":"CAN 2027 : Paulo Duart\u00e9 affiche ses ambitions avant le choc contre l\u2019Afrique du Sud"},"content":{"rendered":"<div>\n<p><strong>CONAKRY- \u00c0 quelques semaines du d\u00e9but des \u00e9liminatoires de la CAN 2027, le s\u00e9lectionneur du Syli National, Paulo Duarte, s\u2019est confi\u00e9 \u00e0 nos confr\u00e8res de <em>Guineenews<\/em>. <\/strong><\/p>\n<p>Au cours de cet entretien, le technicien portugais a abord\u00e9 plusieurs sujets importants : la prochaine liste, les binationaux, la double confrontation face \u00e0 l\u2019Afrique du Sud, la course \u00e0 la qualification et le retour du Syli au stade du 28 Septembre de Conakry et entre autres\u2026<\/p>\n<p><strong>Cas des binationaux : Duarte voit grand !<\/strong><\/p>\n<p>Sur la question des binationaux, Paulo Duarte ne cache pas son ambition. Pour lui, la Guin\u00e9e poss\u00e8de suffisamment de talents pour devenir une grande nation du football africain. \u00ab <em><strong>C\u2019est s\u00fbr qu\u2019on n\u2019a pas encore obtenu l\u2019accord de tous les binationaux guin\u00e9ens de qualit\u00e9 qui n\u2019ont pas encore accept\u00e9 de jouer pour nous. Si tout le monde acceptait, je suis s\u00fbr que la Guin\u00e9e serait une puissance africaine au niveau de la C\u00f4te d\u2019Ivoire, du Ghana, du S\u00e9n\u00e9gal ou d\u2019autres \u00e9quipes, parce qu\u2019on a une \u00e9norme qualit\u00e9.<\/strong><\/em> \u00bb<\/p>\n<p><strong>Le stade du 28 Septembre, un avantage important !<\/strong><\/p>\n<p>Apr\u00e8s l\u2019homologation provisoire du stade du 28 Septembre par la CAF, la Guin\u00e9e pourra retrouver son public. Une nouvelle qui r\u00e9jouit Paulo Duarte.\u00ab <em><strong>Le facteur maison, c\u2019est \u00e9norme et important. \u00c7a met la pression sur l\u2019adversaire, sur l\u2019arbitre. C\u2019est diff\u00e9rent de jouer sur le terrain d\u2019un pays neutre comme le Maroc, o\u00f9 on n\u2019a pas assez de supporters. Jouer avec un stade plein, ce n\u2019est pas la m\u00eame chose que de jouer avec un stade vide. \u00bb<\/strong><\/em><\/p>\n<p>Le s\u00e9lectionneur invite ainsi les supporters \u00e0 jouer pleinement leur r\u00f4le lors de ces \u00e9liminatoires.<\/p>\n<p><strong>La liste du Syli ouverte<\/strong> <strong>\u00e0 tous les joueurs<\/strong> <\/p>\n<p>Concernant la prochaine liste, Paulo Duarte assure que la porte reste ouverte \u00e0 de nouveaux joueurs. Le s\u00e9lectionneur veut prendre le temps d\u2019observer les performances et la situation de chacun. \u00ab <em><strong>La liste sera publi\u00e9e huit \u00e0 dix jours avant. Aujourd\u2019hui, la concurrence est \u00e9norme. Ces onze premiers mois m\u2019ont permis d\u2019ouvrir la porte \u00e0 beaucoup de joueurs de bonne qualit\u00e9 qui jouent dans des clubs moyens, plus jeunes, avec moins de visibilit\u00e9. \u00bb<\/strong><\/em><\/p>\n<p>Le technicien portugais explique \u00e9galement que des joueurs \u00e9voluant en Su\u00e8de, en Suisse, au Danemark ou en Gr\u00e8ce peuvent avoir leur chance, m\u00eame s\u2019ils \u00e9voluent loin des grands championnats europ\u00e9ens.<\/p>\n<p><strong>Une qualification qui s\u2019annonce difficile<\/strong><\/p>\n<p>Paulo Duarte critique par ailleurs le syst\u00e8me de qualification de la CAF, qui ne donne pas les m\u00eames chances \u00e0 toutes les \u00e9quipes. \u00ab <em><strong>Dans cette qualification de la CAF, il y a neuf \u00e9quipes qui n\u2019ont pas les m\u00eames possibilit\u00e9s que les autres de se qualifier. C\u2019\u00e9tait une mauvaise d\u00e9cision de la CAF qui p\u00e9nalise la Guin\u00e9e, l\u2019Afrique du Sud, l\u2019Eswatini et toutes les autres \u00e9quipes de ces groupes. \u00bb<\/strong><\/em><\/p>\n<p>Malgr\u00e9 cela, le s\u00e9lectionneur reste ambitieux. Il sait que l\u2019Afrique du Sud, qui revient d\u2019une Coupe du monde et qui a chang\u00e9 d\u2019entra\u00eeneur avec l\u2019arriv\u00e9e de Pitso Mosimane, sera un adversaire difficile.Le Kenya, pays organisateur de la CAN 2027, sera \u00e9galement un s\u00e9rieux d\u00e9fi. Mais Duarte pr\u00e9vient : la Guin\u00e9e aussi sera un adversaire difficile pour ses deux concurrents.<\/p>\n<p>La Guin\u00e9e est log\u00e9e dans le groupe D en compagnie de l\u2019Afrique du Sud, le Kenya et l\u2019\u00c9rythr\u00e9e, d\u00e9butera sa campagne le 26 septembre 2026 contre l\u2019Afrique du Sud, avant de recevoir le Kenya, le 1er octobre, au stade du 28 Septembre de Conakry.<\/p>\n<p><strong>Ibrahima SORY CISS\u00c9 <\/strong><\/p>\n<p>L\u2019article <a href=\"https:\/\/guineefoot.info\/can-2027-paulo-duarte-affiche-ses-ambitions-avant-le-choc-contre-lafrique-du-sud\/\">CAN 2027 : Paulo Duart\u00e9 affiche ses ambitions avant le choc contre l\u2019Afrique du Sud<\/a> est apparu en premier sur <a href=\"https:\/\/guineefoot.info\/\">Guineefoot<\/a>.<\/p>\n<\/div>\n","protected":false},"excerpt":{"rendered":"<p>CONAKRY- \u00c0 quelques semaines du d\u00e9but des \u00e9liminatoires de la CAN 2027, le s\u00e9lectionneur du Syli National, Paulo Duarte, s\u2019est confi\u00e9 \u00e0 nos confr\u00e8res de Guineenews. Au cours de cet entretien, le technicien portugais a abord\u00e9 plusieurs sujets importants : la prochaine liste, les binationaux, la double confrontation face \u00e0 l\u2019Afrique du Sud, la course &hellip;<\/p>\n","protected":false},"author":1,"featured_media":0,"comment_status":"closed","ping_status":"closed","sticky":false,"template":"","format":"standard","meta":{"footnotes":""},"categories":[4],"tags":[],"class_list":["post-123108","post","type-post","status-publish","format-standard","hentry","category-sports"],"yoast_head":"<!-- This site is optimized with the Yoast SEO plugin v21.0 - https:\/\/yoast.com\/wordpress\/plugins\/seo\/ -->\n<title>CAN 2027 : Paulo Duart\u00e9 affiche ses ambitions avant le choc contre l\u2019Afrique du Sud - Ambassade de Guin\u00e9e en Sierra L\u00e9one<\/title>\n<meta name=\"robots\" content=\"index, follow, max-snippet:-1, max-image-preview:large, max-video-preview:-1\" \/>\n<link rel=\"canonical\" href=\"https:\/\/sl.ambagn.staging.e-kaidi.net\/?p=123108\" \/>\n<meta property=\"og:locale\" content=\"fr_FR\" \/>\n<meta property=\"og:type\" content=\"article\" \/>\n<meta property=\"og:title\" content=\"CAN 2027 : Paulo Duart\u00e9 affiche ses ambitions avant le choc contre l\u2019Afrique du Sud - Ambassade de Guin\u00e9e en Sierra L\u00e9one\" \/>\n<meta property=\"og:description\" content=\"CONAKRY- \u00c0 quelques semaines du d\u00e9but des \u00e9liminatoires de la CAN 2027, le s\u00e9lectionneur du Syli National, Paulo Duarte, s\u2019est confi\u00e9 \u00e0 nos confr\u00e8res de Guineenews. Au cours de cet entretien, le technicien portugais a abord\u00e9 plusieurs sujets importants : la prochaine liste, les binationaux, la double confrontation face \u00e0 l\u2019Afrique du Sud, la course &hellip;\" \/>\n<meta property=\"og:url\" content=\"https:\/\/sl.ambagn.staging.e-kaidi.net\/?p=123108\" \/>\n<meta property=\"og:site_name\" content=\"Ambassade de Guin\u00e9e en Sierra L\u00e9one\" \/>\n<meta property=\"article:publisher\" content=\"https:\/\/www.facebook.com\/ambaguiparis\" \/>\n<meta property=\"article:published_time\" content=\"2026-09-02T21:04:59+00:00\" \/>\n<meta name=\"author\" content=\"stg-ca-wpressuser\" \/>\n<meta name=\"twitter:card\" content=\"summary_large_image\" \/>\n<meta name=\"twitter:creator\" content=\"@AmbaGnFrPtIl\" \/>\n<meta name=\"twitter:site\" content=\"@AmbaGnFrPtIl\" \/>\n<meta name=\"twitter:label1\" content=\"\u00c9crit par\" \/>\n\t<meta name=\"twitter:data1\" content=\"stg-ca-wpressuser\" \/>\n\t<meta name=\"twitter:label2\" content=\"Dur\u00e9e de lecture estim\u00e9e\" \/>\n\t<meta name=\"twitter:data2\" content=\"3 minutes\" \/>\n<script type=\"application\/ld+json\" class=\"yoast-schema-graph\">{\"@context\":\"https:\/\/schema.org\",\"@graph\":[{\"@type\":\"Article\",\"@id\":\"https:\/\/sl.ambagn.staging.e-kaidi.net\/?p=123108#article\",\"isPartOf\":{\"@id\":\"https:\/\/sl.ambagn.staging.e-kaidi.net\/?p=123108\"},\"author\":{\"name\":\"stg-ca-wpressuser\",\"@id\":\"https:\/\/sl.ambagn.staging.e-kaidi.net\/#\/schema\/person\/e3e746e819daf465416d445c23765fd8\"},\"headline\":\"CAN 2027 : Paulo Duart\u00e9 affiche ses ambitions avant le choc contre l\u2019Afrique du Sud\",\"datePublished\":\"2026-09-02T21:04:59+00:00\",\"dateModified\":\"2026-09-02T21:04:59+00:00\",\"mainEntityOfPage\":{\"@id\":\"https:\/\/sl.ambagn.staging.e-kaidi.net\/?p=123108\"},\"wordCount\":650,\"publisher\":{\"@id\":\"https:\/\/sl.ambagn.staging.e-kaidi.net\/#organization\"},\"articleSection\":[\"Sports\"],\"inLanguage\":\"fr-FR\"},{\"@type\":\"WebPage\",\"@id\":\"https:\/\/sl.ambagn.staging.e-kaidi.net\/?p=123108\",\"url\":\"https:\/\/sl.ambagn.staging.e-kaidi.net\/?p=123108\",\"name\":\"CAN 2027 : Paulo Duart\u00e9 affiche ses ambitions avant le choc contre l\u2019Afrique du Sud - Ambassade de Guin\u00e9e en Sierra L\u00e9one\",\"isPartOf\":{\"@id\":\"https:\/\/sl.ambagn.staging.e-kaidi.net\/#website\"},\"datePublished\":\"2026-09-02T21:04:59+00:00\",\"dateModified\":\"2026-09-02T21:04:59+00:00\",\"breadcrumb\":{\"@id\":\"https:\/\/sl.ambagn.staging.e-kaidi.net\/?p=123108#breadcrumb\"},\"inLanguage\":\"fr-FR\",\"potentialAction\":[{\"@type\":\"ReadAction\",\"target\":[\"https:\/\/sl.ambagn.staging.e-kaidi.net\/?p=123108\"]}]},{\"@type\":\"BreadcrumbList\",\"@id\":\"https:\/\/sl.ambagn.staging.e-kaidi.net\/?p=123108#breadcrumb\",\"itemListElement\":[{\"@type\":\"ListItem\",\"position\":1,\"name\":\"Accueil\",\"item\":\"https:\/\/sl.ambagn.staging.e-kaidi.net\/\"},{\"@type\":\"ListItem\",\"position\":2,\"name\":\"CAN 2027 : Paulo Duart\u00e9 affiche ses ambitions avant le choc contre l\u2019Afrique du Sud\"}]},{\"@type\":\"WebSite\",\"@id\":\"https:\/\/sl.ambagn.staging.e-kaidi.net\/#website\",\"url\":\"https:\/\/sl.ambagn.staging.e-kaidi.net\/\",\"name\":\"Ambassade de Guin\u00e9e en Sierra L\u00e9one\",\"description\":\"Ambassade de Guin\u00e9e en Sierra L\u00e9one\",\"publisher\":{\"@id\":\"https:\/\/sl.ambagn.staging.e-kaidi.net\/#organization\"},\"potentialAction\":[{\"@type\":\"SearchAction\",\"target\":{\"@type\":\"EntryPoint\",\"urlTemplate\":\"https:\/\/sl.ambagn.staging.e-kaidi.net\/?s={search_term_string}\"},\"query-input\":\"required name=search_term_string\"}],\"inLanguage\":\"fr-FR\"},{\"@type\":\"Organization\",\"@id\":\"https:\/\/sl.ambagn.staging.e-kaidi.net\/#organization\",\"name\":\"Ambassade de la R\u00e9publique Guin\u00e9e en France\",\"url\":\"https:\/\/sl.ambagn.staging.e-kaidi.net\/\",\"logo\":{\"@type\":\"ImageObject\",\"inLanguage\":\"fr-FR\",\"@id\":\"https:\/\/sl.ambagn.staging.e-kaidi.net\/#\/schema\/logo\/image\/\",\"url\":\"https:\/\/sl.ambagn.staging.e-kaidi.net\/wp-content\/uploads\/2024\/06\/Logo-devise-Guinee-miniature.png\",\"contentUrl\":\"https:\/\/sl.ambagn.staging.e-kaidi.net\/wp-content\/uploads\/2024\/06\/Logo-devise-Guinee-miniature.png\",\"width\":170,\"height\":200,\"caption\":\"Ambassade de la R\u00e9publique Guin\u00e9e en France\"},\"image\":{\"@id\":\"https:\/\/sl.ambagn.staging.e-kaidi.net\/#\/schema\/logo\/image\/\"},\"sameAs\":[\"https:\/\/www.facebook.com\/ambaguiparis\",\"https:\/\/twitter.com\/AmbaGnFrPtIl\"]},{\"@type\":\"Person\",\"@id\":\"https:\/\/sl.ambagn.staging.e-kaidi.net\/#\/schema\/person\/e3e746e819daf465416d445c23765fd8\",\"name\":\"stg-ca-wpressuser\",\"image\":{\"@type\":\"ImageObject\",\"inLanguage\":\"fr-FR\",\"@id\":\"https:\/\/sl.ambagn.staging.e-kaidi.net\/#\/schema\/person\/image\/\",\"url\":\"https:\/\/secure.gravatar.com\/avatar\/8919cf3f42b825f8e35d147e4b19e946172e07fc82a728c3934e79f4238a76b3?s=96&d=mm&r=g\",\"contentUrl\":\"https:\/\/secure.gravatar.com\/avatar\/8919cf3f42b825f8e35d147e4b19e946172e07fc82a728c3934e79f4238a76b3?s=96&d=mm&r=g\",\"caption\":\"stg-ca-wpressuser\"},\"sameAs\":[\"https:\/\/sl.ambagn.staging.e-kaidi.net\"],\"url\":\"https:\/\/sl.ambagn.staging.e-kaidi.net\/?author=1\"}]}<\/script>\n<!-- \/ Yoast SEO plugin. -->","yoast_head_json":{"title":"CAN 2027 : Paulo Duart\u00e9 affiche ses ambitions avant le choc contre l\u2019Afrique du Sud - Ambassade de Guin\u00e9e en Sierra L\u00e9one","robots":{"index":"index","follow":"follow","max-snippet":"max-snippet:-1","max-image-preview":"max-image-preview:large","max-video-preview":"max-video-preview:-1"},"canonical":"https:\/\/sl.ambagn.staging.e-kaidi.net\/?p=123108","og_locale":"fr_FR","og_type":"article","og_title":"CAN 2027 : Paulo Duart\u00e9 affiche ses ambitions avant le choc contre l\u2019Afrique du Sud - Ambassade de Guin\u00e9e en Sierra L\u00e9one","og_description":"CONAKRY- \u00c0 quelques semaines du d\u00e9but des \u00e9liminatoires de la CAN 2027, le s\u00e9lectionneur du Syli National, Paulo Duarte, s\u2019est confi\u00e9 \u00e0 nos confr\u00e8res de Guineenews. Au cours de cet entretien, le technicien portugais a abord\u00e9 plusieurs sujets importants : la prochaine liste, les binationaux, la double confrontation face \u00e0 l\u2019Afrique du Sud, la course &hellip;","og_url":"https:\/\/sl.ambagn.staging.e-kaidi.net\/?p=123108","og_site_name":"Ambassade de Guin\u00e9e en Sierra L\u00e9one","article_publisher":"https:\/\/www.facebook.com\/ambaguiparis","article_published_time":"2026-09-02T21:04:59+00:00","author":"stg-ca-wpressuser","twitter_card":"summary_large_image","twitter_creator":"@AmbaGnFrPtIl","twitter_site":"@AmbaGnFrPtIl","twitter_misc":{"\u00c9crit par":"stg-ca-wpressuser","Dur\u00e9e de lecture estim\u00e9e":"3 minutes"},"schema":{"@context":"https:\/\/schema.org","@graph":[{"@type":"Article","@id":"https:\/\/sl.ambagn.staging.e-kaidi.net\/?p=123108#article","isPartOf":{"@id":"https:\/\/sl.ambagn.staging.e-kaidi.net\/?p=123108"},"author":{"name":"stg-ca-wpressuser","@id":"https:\/\/sl.ambagn.staging.e-kaidi.net\/#\/schema\/person\/e3e746e819daf465416d445c23765fd8"},"headline":"CAN 2027 : Paulo Duart\u00e9 affiche ses ambitions avant le choc contre l\u2019Afrique du Sud","datePublished":"2026-09-02T21:04:59+00:00","dateModified":"2026-09-02T21:04:59+00:00","mainEntityOfPage":{"@id":"https:\/\/sl.ambagn.staging.e-kaidi.net\/?p=123108"},"wordCount":650,"publisher":{"@id":"https:\/\/sl.ambagn.staging.e-kaidi.net\/#organization"},"articleSection":["Sports"],"inLanguage":"fr-FR"},{"@type":"WebPage","@id":"https:\/\/sl.ambagn.staging.e-kaidi.net\/?p=123108","url":"https:\/\/sl.ambagn.staging.e-kaidi.net\/?p=123108","name":"CAN 2027 : Paulo Duart\u00e9 affiche ses ambitions avant le choc contre l\u2019Afrique du Sud - Ambassade de Guin\u00e9e en Sierra L\u00e9one","isPartOf":{"@id":"https:\/\/sl.ambagn.staging.e-kaidi.net\/#website"},"datePublished":"2026-09-02T21:04:59+00:00","dateModified":"2026-09-02T21:04:59+00:00","breadcrumb":{"@id":"https:\/\/sl.ambagn.staging.e-kaidi.net\/?p=123108#breadcrumb"},"inLanguage":"fr-FR","potentialAction":[{"@type":"ReadAction","target":["https:\/\/sl.ambagn.staging.e-kaidi.net\/?p=123108"]}]},{"@type":"BreadcrumbList","@id":"https:\/\/sl.ambagn.staging.e-kaidi.net\/?p=123108#breadcrumb","itemListElement":[{"@type":"ListItem","position":1,"name":"Accueil","item":"https:\/\/sl.ambagn.staging.e-kaidi.net\/"},{"@type":"ListItem","position":2,"name":"CAN 2027 : Paulo Duart\u00e9 affiche ses ambitions avant le choc contre l\u2019Afrique du Sud"}]},{"@type":"WebSite","@id":"https:\/\/sl.ambagn.staging.e-kaidi.net\/#website","url":"https:\/\/sl.ambagn.staging.e-kaidi.net\/","name":"Ambassade de Guin\u00e9e en Sierra L\u00e9one","description":"Ambassade de Guin\u00e9e en Sierra L\u00e9one","publisher":{"@id":"https:\/\/sl.ambagn.staging.e-kaidi.net\/#organization"},"potentialAction":[{"@type":"SearchAction","target":{"@type":"EntryPoint","urlTemplate":"https:\/\/sl.ambagn.staging.e-kaidi.net\/?s={search_term_string}"},"query-input":"required name=search_term_string"}],"inLanguage":"fr-FR"},{"@type":"Organization","@id":"https:\/\/sl.ambagn.staging.e-kaidi.net\/#organization","name":"Ambassade de la R\u00e9publique Guin\u00e9e en France","url":"https:\/\/sl.ambagn.staging.e-kaidi.net\/","logo":{"@type":"ImageObject","inLanguage":"fr-FR","@id":"https:\/\/sl.ambagn.staging.e-kaidi.net\/#\/schema\/logo\/image\/","url":"https:\/\/sl.ambagn.staging.e-kaidi.net\/wp-content\/uploads\/2024\/06\/Logo-devise-Guinee-miniature.png","contentUrl":"https:\/\/sl.ambagn.staging.e-kaidi.net\/wp-content\/uploads\/2024\/06\/Logo-devise-Guinee-miniature.png","width":170,"height":200,"caption":"Ambassade de la R\u00e9publique Guin\u00e9e en France"},"image":{"@id":"https:\/\/sl.ambagn.staging.e-kaidi.net\/#\/schema\/logo\/image\/"},"sameAs":["https:\/\/www.facebook.com\/ambaguiparis","https:\/\/twitter.com\/AmbaGnFrPtIl"]},{"@type":"Person","@id":"https:\/\/sl.ambagn.staging.e-kaidi.net\/#\/schema\/person\/e3e746e819daf465416d445c23765fd8","name":"stg-ca-wpressuser","image":{"@type":"ImageObject","inLanguage":"fr-FR","@id":"https:\/\/sl.ambagn.staging.e-kaidi.net\/#\/schema\/person\/image\/","url":"https:\/\/secure.gravatar.com\/avatar\/8919cf3f42b825f8e35d147e4b19e946172e07fc82a728c3934e79f4238a76b3?s=96&d=mm&r=g","contentUrl":"https:\/\/secure.gravatar.com\/avatar\/8919cf3f42b825f8e35d147e4b19e946172e07fc82a728c3934e79f4238a76b3?s=96&d=mm&r=g","caption":"stg-ca-wpressuser"},"sameAs":["https:\/\/sl.ambagn.staging.e-kaidi.net"],"url":"https:\/\/sl.ambagn.staging.e-kaidi.net\/?author=1"}]}},"_links":{"self":[{"href":"https:\/\/sl.ambagn.staging.e-kaidi.net\/index.php?rest_route=\/wp\/v2\/posts\/123108","targetHints":{"allow":["GET"]}}],"collection":[{"href":"https:\/\/sl.ambagn.staging.e-kaidi.net\/index.php?rest_route=\/wp\/v2\/posts"}],"about":[{"href":"https:\/\/sl.ambagn.staging.e-kaidi.net\/index.php?rest_route=\/wp\/v2\/types\/post"}],"author":[{"embeddable":true,"href":"https:\/\/sl.ambagn.staging.e-kaidi.net\/index.php?rest_route=\/wp\/v2\/users\/1"}],"replies":[{"embeddable":true,"href":"https:\/\/sl.ambagn.staging.e-kaidi.net\/index.php?rest_route=%2Fwp%2Fv2%2Fcomments&post=123108"}],"version-history":[{"count":0,"href":"https:\/\/sl.ambagn.staging.e-kaidi.net\/index.php?rest_route=\/wp\/v2\/posts\/123108\/revisions"}],"wp:attachment":[{"href":"https:\/\/sl.ambagn.staging.e-kaidi.net\/index.php?rest_route=%2Fwp%2Fv2%2Fmedia&parent=123108"}],"wp:term":[{"taxonomy":"category","embeddable":true,"href":"https:\/\/sl.ambagn.staging.e-kaidi.net\/index.php?rest_route=%2Fwp%2Fv2%2Fcategories&post=123108"},{"taxonomy":"post_tag","embeddable":true,"href":"https:\/\/sl.ambagn.staging.e-kaidi.net\/index.php?rest_route=%2Fwp%2Fv2%2Ftags&post=123108"}],"curies":[{"name":"wp","href":"https:\/\/api.w.org\/{rel}","templated":true}]}}